{"id":5905,"date":"2020-10-12T11:56:01","date_gmt":"2020-10-12T09:56:01","guid":{"rendered":"https:\/\/www.classefinn.it\/?p=5905"},"modified":"2020-10-12T11:56:01","modified_gmt":"2020-10-12T09:56:01","slug":"dominio-lino-settembre-sul-lago","status":"publish","type":"post","link":"https:\/\/tractrac.it\/dev\/dominio-lino-settembre-sul-lago\/","title":{"rendered":"Dominio Lino a Settembre sul Lago"},"content":{"rendered":"<p>La cinquantesima edizione di Settembre sul Lago, la classicissima regata del lago di Bracciano organizzata dal circolo Amici Velici Vigna di Valle, si \u00e8 disputata per i Finn nel fine settimana del 12 e 13 settembre.<!--more--><\/p>\n<p>Il vento \u00e8 stato scarso e capriccioso, ma il sabato si \u00e8 disputata una prova tardiva con un discreto maestrale, mentre la domenica \u00e8 stata tentata la partenza alle 9 del mattino, che ha permesso di completare la seconda prova, seppur con un levante che \u00e8 andato calando fino a scomparire.<\/p>\n<p>La famiglia Lino si \u00e8 distinta e ha conquistato il primo posto con Andrea, che con un primo e un secondo di manche non ha lasciato spazio a nessuno, e con Giuseppe che un 5-4 ha ottenuto il terzo gradino del podio. Tra di loro \u00e8 riuscito ad inserirsi, con la vittoria della seconda prova, solo Marco Buglielli. Seguono al quarto e quinto posto Luigi Masini e Daniele Passani.<\/p>\n<p><a href=\"https:\/\/www.classefinn.it\/wp17\/wp-content\/uploads\/2020\/09\/20200912-13_Classifica_Settembre_sul_Lago.pdf\" target=\"_blank\" rel=\"noopener noreferrer\">Classifica<\/a><\/p>\n<p>Classifica provvisoria campionato zonale<\/p>\n<p>&nbsp;<\/p>\n<p><img loading=\"lazy\" decoding=\"async\" class=\"alignnone size-full wp-image-5857\" src=\"https:\/\/www.classefinn.it\/wp17\/wp-content\/uploads\/2020\/09\/20200913_Settembre_Sul_Lago_Podio.jpg\" alt=\"\" width=\"1024\" height=\"707\" \/><\/p>\n<p>&nbsp;<\/p>\n","protected":false},"excerpt":{"rendered":"<p>La cinquantesima edizione di Settembre sul Lago, la classicissima regata del lago di Bracciano organizzata dal circolo Amici Velici Vigna di Valle, si \u00e8 disputata per i Finn nel fine settimana del 12 e 13 settembre.<\/p>\n","protected":false},"author":4,"featured_media":5857,"comment_status":"open","ping_status":"open","sticky":false,"template":"","format":"standard","meta":{"footnotes":""},"categories":[42,22,24,25],"tags":[],"class_list":["post-5905","post","type-post","status-publish","format-standard","has-post-thumbnail","hentry","category-42","category-news","category-regate","category-trofei-storici-e-zonali"],"_links":{"self":[{"href":"https:\/\/tractrac.it\/dev\/wp-json\/wp\/v2\/posts\/5905","targetHints":{"allow":["GET"]}}],"collection":[{"href":"https:\/\/tractrac.it\/dev\/wp-json\/wp\/v2\/posts"}],"about":[{"href":"https:\/\/tractrac.it\/dev\/wp-json\/wp\/v2\/types\/post"}],"author":[{"embeddable":true,"href":"https:\/\/tractrac.it\/dev\/wp-json\/wp\/v2\/users\/4"}],"replies":[{"embeddable":true,"href":"https:\/\/tractrac.it\/dev\/wp-json\/wp\/v2\/comments?post=5905"}],"version-history":[{"count":0,"href":"https:\/\/tractrac.it\/dev\/wp-json\/wp\/v2\/posts\/5905\/revisions"}],"wp:featuredmedia":[{"embeddable":true,"href":"https:\/\/tractrac.it\/dev\/wp-json\/"}],"wp:attachment":[{"href":"https:\/\/tractrac.it\/dev\/wp-json\/wp\/v2\/media?parent=5905"}],"wp:term":[{"taxonomy":"category","embeddable":true,"href":"https:\/\/tractrac.it\/dev\/wp-json\/wp\/v2\/categories?post=5905"},{"taxonomy":"post_tag","embeddable":true,"href":"https:\/\/tractrac.it\/dev\/wp-json\/wp\/v2\/tags?post=5905"}],"curies":[{"name":"wp","href":"https:\/\/api.w.org\/{rel}","templated":true}]}}