{"id":5747,"date":"2020-07-04T21:19:13","date_gmt":"2020-07-04T19:19:13","guid":{"rendered":"https:\/\/www.classefinn.it\/?p=5747"},"modified":"2020-07-04T21:19:13","modified_gmt":"2020-07-04T19:19:13","slug":"calendario-2020-aggiornato","status":"publish","type":"post","link":"https:\/\/tractrac.it\/dev\/calendario-2020-aggiornato\/","title":{"rendered":"Calendario 2020 aggiornato"},"content":{"rendered":"<p>Pubblichiamo il calendario delle regate 2020 aggiornato post emergenza Covid-19.<\/p>\n<p>Le regate di Coppa Italia da luglio in poi sono confermate.<\/p>\n<p>Il Campionato Italiano Master \u00e8 spostato al 16-18 ottobre e sar\u00e0 Open, valido anche per la Coppa Italia.<\/p>\n<p>La regata di Castiglione della Pescaia \u00e8 spostata al 5-6 settembre.<\/p>\n<p><strong>Ultim&#8217;ora: il Campionato Italiano \u00e8 stato anticipato al 17-20 settembre.<\/strong><\/p>\n<p><a href=\"https:\/\/www.classefinn.it\/wp17\/wp-content\/uploads\/2020\/08\/Calendario_2020_Finn_v2.1.pdf\" target=\"_blank\" rel=\"noopener noreferrer\"><img decoding=\"async\" src=\"https:\/\/www.classefinn.it\/wp17\/wp-content\/uploads\/2017\/04\/link.png\" \/>\u00a0Scarica il calendario regate 2020<\/a><\/p>\n<p><a href=\"https:\/\/www.classefinn.it\/wp17\/wp-content\/uploads\/2020\/08\/calendario_FINN_2020_elenco_v2.1.pdf\" target=\"_blank\" rel=\"noopener noreferrer\"><img decoding=\"async\" src=\"https:\/\/www.classefinn.it\/wp17\/wp-content\/uploads\/2017\/04\/link.png\" \/>\u00a0Scarica l&#8217;elenco delle regate\u00a0(contiene dettagli su Circolo, validit\u00e0 ranking, ecc.)<\/a><\/p>\n<p><img loading=\"lazy\" decoding=\"async\" class=\"alignnone size-full wp-image-5774\" src=\"https:\/\/www.classefinn.it\/wp17\/wp-content\/uploads\/2020\/08\/Calendario_2020_Finn_v2.1.jpg\" alt=\"\" width=\"1507\" height=\"841\" \/><\/p>\n","protected":false},"excerpt":{"rendered":"<p>Pubblichiamo il calendario delle regate 2020 aggiornato post emergenza Covid-19. Le regate di Coppa Italia da luglio in poi sono confermate. Il Campionato Italiano Master \u00e8 spostato al 16-18 ottobre e sar\u00e0 Open, valido anche per la Coppa Italia. La regata di Castiglione della Pescaia \u00e8 spostata al 5-6 settembre. Ultim&#8217;ora: il Campionato Italiano \u00e8 [&hellip;]<\/p>\n","protected":false},"author":4,"featured_media":2844,"comment_status":"open","ping_status":"open","sticky":false,"template":"","format":"standard","meta":{"footnotes":""},"categories":[42,5,22,37,24],"tags":[],"class_list":["post-5747","post","type-post","status-publish","format-standard","has-post-thumbnail","hentry","category-42","category-coppa-italia","category-news","category-primo-piano","category-regate"],"_links":{"self":[{"href":"https:\/\/tractrac.it\/dev\/wp-json\/wp\/v2\/posts\/5747","targetHints":{"allow":["GET"]}}],"collection":[{"href":"https:\/\/tractrac.it\/dev\/wp-json\/wp\/v2\/posts"}],"about":[{"href":"https:\/\/tractrac.it\/dev\/wp-json\/wp\/v2\/types\/post"}],"author":[{"embeddable":true,"href":"https:\/\/tractrac.it\/dev\/wp-json\/wp\/v2\/users\/4"}],"replies":[{"embeddable":true,"href":"https:\/\/tractrac.it\/dev\/wp-json\/wp\/v2\/comments?post=5747"}],"version-history":[{"count":0,"href":"https:\/\/tractrac.it\/dev\/wp-json\/wp\/v2\/posts\/5747\/revisions"}],"wp:featuredmedia":[{"embeddable":true,"href":"https:\/\/tractrac.it\/dev\/wp-json\/"}],"wp:attachment":[{"href":"https:\/\/tractrac.it\/dev\/wp-json\/wp\/v2\/media?parent=5747"}],"wp:term":[{"taxonomy":"category","embeddable":true,"href":"https:\/\/tractrac.it\/dev\/wp-json\/wp\/v2\/categories?post=5747"},{"taxonomy":"post_tag","embeddable":true,"href":"https:\/\/tractrac.it\/dev\/wp-json\/wp\/v2\/tags?post=5747"}],"curies":[{"name":"wp","href":"https:\/\/api.w.org\/{rel}","templated":true}]}}