{"id":5289,"date":"2019-09-04T15:03:38","date_gmt":"2019-09-04T13:03:38","guid":{"rendered":"https:\/\/www.classefinn.it\/?p=5289"},"modified":"2019-09-04T15:03:38","modified_gmt":"2019-09-04T13:03:38","slug":"italo-bertacca-vince-trofeo-meccheri-forte-dei-marmi","status":"publish","type":"post","link":"https:\/\/tractrac.it\/dev\/italo-bertacca-vince-trofeo-meccheri-forte-dei-marmi\/","title":{"rendered":"Italo Bertacca vince il Trofeo Meccheri a Forte dei Marmi"},"content":{"rendered":"<p>Italo Bertacca ha vinto una bella edizione del Trofeo Fratelli Meccheri, organizzato dalla Compagnia della Vela di Forte dei Marmi.<\/p>\n<p><!--more--><\/p>\n<p>Sabato 31 agosto e domenica 1 settembre sono stati dieci i Finn a confrontarsi in cinque belle prove con un bel ponente che il primo giorno \u00e8 andato da 7 a 12 nodi e la domenica \u00e8 stato pi\u00f9 leggero nella prima prova (5-7 nodi) per aumentare fino a dieci nodi nella seconda.<\/p>\n<p>Italo Bertacca \u00e8 stato sempre molto veloce e tatticamente impeccabile, vincendo nettamente con soli 6 punti (2-1-4-1-2 i parziali). Al secondo posto Marco Buglielli con il suo Vanguard ormai d&#8217;epoca (3-2-2-3-1) e al terzo il giovane spezzino Jacopo Labanti (5-5-1-2-3) a pari punti con Marco Viti (1-3-3-7-4).<\/p>\n<p>Da notare che Franco Dazzi ha corso con il Finn e il numero velico 135 di Franco Pampaloni che ci ha lasciato da poco.<\/p>\n<p>Ottima l&#8217;organizzazione e l&#8217;ospitalit\u00e0 della Compagnia della Vela e sempre preciso\u00a0 il lavoro del Comitato di Regata presieduto da Silvio dell&#8217;Innocenti.<\/p>\n<p>Nel corso della premiazione, alla presenza della famiglia Meccheri, \u00e8 stata ripercorsa la storia pi\u00f9 che trentennale di questo Trofeo e Franco Dazzi ha ricordato con belle parole l&#8217;amico Franco Pampaloni.<\/p>\n<p>Foto di Gino Fontanini \/CVFM<\/p>\n<p><a href=\"https:\/\/www.classefinn.it\/wp17\/wp-content\/uploads\/2019\/09\/20190831-0901_Forte-dei-Marmi_Trofeo_Meccheri.jpg\" target=\"_blank\" rel=\"noopener noreferrer\"><strong>Classifica\u00a0Trofeo\u00a0Meccheri<\/strong><\/a><\/p>\n<p>&nbsp;<\/p>\n<p><img loading=\"lazy\" decoding=\"async\" class=\"alignnone size-full wp-image-5300\" src=\"https:\/\/www.classefinn.it\/wp17\/wp-content\/uploads\/2019\/09\/20190831-0901_Trofeo_Meccheri_08.jpg\" alt=\"\" width=\"700\" height=\"979\" \/><\/p>\n<p><img loading=\"lazy\" decoding=\"async\" class=\"alignnone size-large wp-image-5307\" src=\"https:\/\/www.classefinn.it\/wp17\/wp-content\/uploads\/2019\/09\/20190831-0901_Trofeo_Meccheri_15-1024x675.jpg\" alt=\"\" width=\"1024\" height=\"675\" \/> <img loading=\"lazy\" decoding=\"async\" class=\"alignnone size-large wp-image-5306\" src=\"https:\/\/www.classefinn.it\/wp17\/wp-content\/uploads\/2019\/09\/20190831-0901_Trofeo_Meccheri_14-1024x673.jpg\" alt=\"\" width=\"1024\" height=\"673\" \/> <img loading=\"lazy\" decoding=\"async\" class=\"alignnone size-large wp-image-5304\" src=\"https:\/\/www.classefinn.it\/wp17\/wp-content\/uploads\/2019\/09\/20190831-0901_Trofeo_Meccheri_12-1024x686.jpg\" alt=\"\" width=\"1024\" height=\"686\" \/> <img loading=\"lazy\" decoding=\"async\" class=\"alignnone size-full wp-image-5302\" src=\"https:\/\/www.classefinn.it\/wp17\/wp-content\/uploads\/2019\/09\/20190831-0901_Trofeo_Meccheri_10.jpg\" alt=\"\" width=\"600\" height=\"878\" \/> <img loading=\"lazy\" decoding=\"async\" class=\"alignnone size-large wp-image-5301\" src=\"https:\/\/www.classefinn.it\/wp17\/wp-content\/uploads\/2019\/09\/20190831-0901_Trofeo_Meccheri_09-1024x488.jpg\" alt=\"\" width=\"1024\" height=\"488\" \/> \u00a0<img loading=\"lazy\" decoding=\"async\" class=\"alignnone size-large wp-image-5299\" src=\"https:\/\/www.classefinn.it\/wp17\/wp-content\/uploads\/2019\/09\/20190831-0901_Trofeo_Meccheri_07-1024x562.jpg\" alt=\"\" width=\"1024\" height=\"562\" \/> <img loading=\"lazy\" decoding=\"async\" class=\"alignnone size-large wp-image-5298\" src=\"https:\/\/www.classefinn.it\/wp17\/wp-content\/uploads\/2019\/09\/20190831-0901_Trofeo_Meccheri_06-1024x686.jpg\" alt=\"\" width=\"1024\" height=\"686\" \/> <img loading=\"lazy\" decoding=\"async\" class=\"alignnone size-large wp-image-5297\" src=\"https:\/\/www.classefinn.it\/wp17\/wp-content\/uploads\/2019\/09\/20190831-0901_Trofeo_Meccheri_05-1024x686.jpg\" alt=\"\" width=\"1024\" height=\"686\" \/> <img loading=\"lazy\" decoding=\"async\" class=\"alignnone size-large wp-image-5296\" src=\"https:\/\/www.classefinn.it\/wp17\/wp-content\/uploads\/2019\/09\/20190831-0901_Trofeo_Meccheri_04-1024x604.jpg\" alt=\"\" width=\"1024\" height=\"604\" \/> <img loading=\"lazy\" decoding=\"async\" class=\"alignnone size-large wp-image-5295\" src=\"https:\/\/www.classefinn.it\/wp17\/wp-content\/uploads\/2019\/09\/20190831-0901_Trofeo_Meccheri_03-1024x621.jpg\" alt=\"\" width=\"1024\" height=\"621\" \/> <img loading=\"lazy\" decoding=\"async\" class=\"alignnone size-large wp-image-5294\" src=\"https:\/\/www.classefinn.it\/wp17\/wp-content\/uploads\/2019\/09\/20190831-0901_Trofeo_Meccheri_02-1024x480.jpg\" alt=\"\" width=\"1024\" height=\"480\" \/> <img loading=\"lazy\" decoding=\"async\" class=\"alignnone size-large wp-image-5293\" src=\"https:\/\/www.classefinn.it\/wp17\/wp-content\/uploads\/2019\/09\/20190831-0901_Trofeo_Meccheri_01-1024x686.jpg\" alt=\"\" width=\"1024\" height=\"686\" \/> <img loading=\"lazy\" decoding=\"async\" class=\"alignnone size-large wp-image-5292\" src=\"https:\/\/www.classefinn.it\/wp17\/wp-content\/uploads\/2019\/09\/20190831-0901_Trofeo_Meccheri_arrivo_prova_1-1024x662.jpg\" alt=\"\" width=\"1024\" height=\"662\" \/><\/p>\n<p>&nbsp;<\/p>\n","protected":false},"excerpt":{"rendered":"<p>Italo Bertacca ha vinto una bella edizione del Trofeo Fratelli Meccheri, organizzato dalla Compagnia della Vela di Forte dei Marmi.<\/p>\n","protected":false},"author":4,"featured_media":5292,"comment_status":"open","ping_status":"open","sticky":false,"template":"","format":"standard","meta":{"footnotes":""},"categories":[41,22,24,25],"tags":[],"class_list":["post-5289","post","type-post","status-publish","format-standard","has-post-thumbnail","hentry","category-41","category-news","category-regate","category-trofei-storici-e-zonali"],"_links":{"self":[{"href":"https:\/\/tractrac.it\/dev\/wp-json\/wp\/v2\/posts\/5289","targetHints":{"allow":["GET"]}}],"collection":[{"href":"https:\/\/tractrac.it\/dev\/wp-json\/wp\/v2\/posts"}],"about":[{"href":"https:\/\/tractrac.it\/dev\/wp-json\/wp\/v2\/types\/post"}],"author":[{"embeddable":true,"href":"https:\/\/tractrac.it\/dev\/wp-json\/wp\/v2\/users\/4"}],"replies":[{"embeddable":true,"href":"https:\/\/tractrac.it\/dev\/wp-json\/wp\/v2\/comments?post=5289"}],"version-history":[{"count":0,"href":"https:\/\/tractrac.it\/dev\/wp-json\/wp\/v2\/posts\/5289\/revisions"}],"wp:featuredmedia":[{"embeddable":true,"href":"https:\/\/tractrac.it\/dev\/wp-json\/"}],"wp:attachment":[{"href":"https:\/\/tractrac.it\/dev\/wp-json\/wp\/v2\/media?parent=5289"}],"wp:term":[{"taxonomy":"category","embeddable":true,"href":"https:\/\/tractrac.it\/dev\/wp-json\/wp\/v2\/categories?post=5289"},{"taxonomy":"post_tag","embeddable":true,"href":"https:\/\/tractrac.it\/dev\/wp-json\/wp\/v2\/tags?post=5289"}],"curies":[{"name":"wp","href":"https:\/\/api.w.org\/{rel}","templated":true}]}}