{"id":5214,"date":"2019-07-25T14:53:30","date_gmt":"2019-07-25T12:53:30","guid":{"rendered":"https:\/\/www.classefinn.it\/?p=5214"},"modified":"2019-07-25T14:53:30","modified_gmt":"2019-07-25T12:53:30","slug":"finlandese-muhonen-vince-la-finn-silver-cup-anzio","status":"publish","type":"post","link":"https:\/\/tractrac.it\/dev\/finlandese-muhonen-vince-la-finn-silver-cup-anzio\/","title":{"rendered":"Il finlandese Muhonen vince la Finn Silver Cup a Anzio"},"content":{"rendered":"<p>Il Circolo della Vela di Roma ha organizzato a Anzio dal 14 al 20 luglio la Finn Silver Cup, il Campionato mondiale Under 23.<\/p>\n<p>28 timonieri provenienti da 16 nazioni hanno disputato tutte le undici prove previste dal programma, con condizioni meteo perfette e vento che \u00e8 stato medio forte nella prima spettacolare giornata di regate e pi\u00f9 leggero ma sempre regolare nei 4 giorni successivi.<\/p>\n<p>Il golfo di Anzio si \u00e8 confermato un campo di regata che consente di disputare manifestazioni veliche di livello internazionale, e l\u2019organizzazione guidata dal Circolo della Vela di Roma con la collaborazione del Circolo Canottieri Tevere Remo, della Sezione di Anzio della Lega Navale Italiana e del Circolo Velico Anzio Tirrena \u00e8 stata impeccabile.<\/p>\n<p>Le regate sono state apertissime e combattute, e solo nelle ultime prove il finlandese Oskari Muhonen, gi\u00e0 vincitore della Finn Silver Cup nel 2017, \u00e8 riuscito a superare lo spagnolo Joan Cardona e lo svizzero Nils Theuninck.<\/p>\n<p>Tra gli italiani, Federico Colaninno dello Yacht Club Gaeta ha disputato un ottimo campionato ma nell&#8217;ultima prova si \u00e8 piazzato al dodicesimo posto scendendo in classifica dal secondo posto al quarto, perdendo per un soffio una medaglia. La sua delusione per l&#8217;argento sfumato \u00e8 comprensibile, ma restano le sue ottime prove (tra cui un netto primo di giornata) e il grande progresso rispetto allo scorso anno.<\/p>\n<p>Nella categoria Under 19 vittoria dello sloveno Liam Orel con due italiani sugli altri gradini del podio: l\u2019anconetano Paolo Freddi medaglia d\u2019argento e il giovanissimo Roberto Rinaldi di Anzio (Circolo della Vela di Roma) medaglia di bronzo con una brillante prestazione. Mentre Paolo \u00e8 gi\u00e0 una certezza e ha regatato all&#8217;altezza delle sue capacit\u00e0, Roberto ha stupito tutti (e forse anche s\u00e9 stesso). Abitualmente Roberto regata con il Laser Radial e fa parte della squadra agonistica del Circolo; per l\u2019occasione ha preso la barca del padre e, nonostante il poco allenamento, ha mostrato grande sensibilit\u00e0 con il vento leggero degli ultimi giorni, ottenendo ottimi piazzamenti parziali tra cui un secondo posto overall. Anche il pi\u00f9 giovane atleta della flotta, Matteo Guglielmo, di soli 15 anni, si \u00e8 cimentato con il Finn provenendo dalla squadra Laser del Circolo Vela Roma. Per lui grande determinazione e concentrazione e la certezza di un grande futuro sul Finn.<\/p>\n<p>Grande la soddisfazione di Marco Minghetti, presidente del Circolo della Vela di Roma, che ha dichiarato: \u201cVolevamo festeggiare degnamente i 70 anni dalla fondazione del Circolo e aver riportato a Anzio la grande vela olimpica ci riempie di orgoglio e soddisfazione\u201d. Il presidente ha poi ricordato la recentissima vittoria del giovane atleta del Circolo Davide Nuccorini al Campionato Mondiale Team Race della classe Optimist ad Antigua: \u201cDue nostri ragazzi sul podio ai mondiali nel giro di una settimana sono il coronamento del lavoro di anni per la diffusione della vela a Anzio. Ringraziamo gli allenatori per il grande lavoro svolto e proseguiamo con slancio la nostra attivit\u00e0 di formazione con la scuola vela estiva\u201d.<\/p>\n<p>Infine, Minghetti ha sottolineato la collaborazione con il Marina di Capo d\u2019Anzio e con la Capitaneria di Porto, che ha presenziato alla cerimonia di premiazione con la Comandante Enrica Naddeo: \u201cPoter contare sulla sinergia con gli altri operatori del Porto di Anzio ci spinge a continuare su questa strada: vorremmo adesso candidarci per l\u2019organizzazione della Finn Gold Cup, il prestigioso mondiale assoluto della classe Finn\u201d.<\/p>\n<p>Il sito dedicato alla Silver Cup \u00e8: <strong><a href=\"http:\/\/2019.finnsilvercup.org\/\" target=\"_blank\" rel=\"noopener noreferrer\">2019.finnsilvercup.org<\/a><\/strong><\/p>\n<p><a href=\"https:\/\/www.classefinn.it\/wp17\/wp-content\/uploads\/2019\/07\/20190714-20_Finn_Silver_Cup_2019_Results_Final.pdf\" target=\"_blank\" rel=\"noopener noreferrer\">Classifica finale<\/a><\/p>\n<p>Foto di Robert Deaves<\/p>\n<p><img loading=\"lazy\" decoding=\"async\" class=\"alignnone size-large wp-image-5206\" src=\"https:\/\/www.classefinn.it\/wp17\/wp-content\/uploads\/2019\/07\/20190720-2019-Finn-Silver-Cup-Anzio-Pic-Robert-Deaves-Day2-Fleet-Santa-Teresa-1024x682.jpg\" alt=\"\" width=\"1024\" height=\"682\" \/><\/p>\n<p><img loading=\"lazy\" decoding=\"async\" class=\"alignnone size-large wp-image-5212\" src=\"https:\/\/www.classefinn.it\/wp17\/wp-content\/uploads\/2019\/07\/20190720-2019-Finn-Silver-Cup-Anzio-Pic-Robert-Deaves-Prizegiving-Podium-Overall-1024x682.jpg\" alt=\"\" width=\"1024\" height=\"682\" \/><\/p>\n<p><img loading=\"lazy\" decoding=\"async\" class=\"alignnone size-large wp-image-5213\" src=\"https:\/\/www.classefinn.it\/wp17\/wp-content\/uploads\/2019\/07\/20190720-2019-Finn-Silver-Cup-Anzio-Pic-Robert-Deaves-Prizegiving-Podium-U19-1024x682.jpg\" alt=\"\" width=\"1024\" height=\"682\" \/><\/p>\n<p><img loading=\"lazy\" decoding=\"async\" class=\"alignnone size-large wp-image-5202\" src=\"https:\/\/www.classefinn.it\/wp17\/wp-content\/uploads\/2019\/07\/20190720-2019-Finn-Silver-Cup-Anzio-Pic-Robert-Deaves-Day1-FIN8-Muhonen-1024x682.jpg\" alt=\"\" width=\"1024\" height=\"682\" \/><\/p>\n<p><img loading=\"lazy\" decoding=\"async\" class=\"alignnone size-large wp-image-5203\" src=\"https:\/\/www.classefinn.it\/wp17\/wp-content\/uploads\/2019\/07\/20190720-2019-Finn-Silver-Cup-Anzio-Pic-Robert-Deaves-Day1-ITA71-Colaninno-1-1024x682.jpg\" alt=\"\" width=\"1024\" height=\"682\" \/><\/p>\n<p><img loading=\"lazy\" decoding=\"async\" class=\"alignnone size-large wp-image-5204\" src=\"https:\/\/www.classefinn.it\/wp17\/wp-content\/uploads\/2019\/07\/20190720-2019-Finn-Silver-Cup-Anzio-Pic-Robert-Deaves-Day1-ITA115-Freddi-1024x682.jpg\" alt=\"\" width=\"1024\" height=\"682\" \/><\/p>\n<p><img loading=\"lazy\" decoding=\"async\" class=\"alignnone size-large wp-image-5208\" src=\"https:\/\/www.classefinn.it\/wp17\/wp-content\/uploads\/2019\/07\/20190720-2019-Finn-Silver-Cup-Anzio-Pic-Robert-Deaves-Day4-ITA5-Rinaldi-1024x682.jpg\" alt=\"\" width=\"1024\" height=\"682\" \/><\/p>\n<figure id=\"attachment_5200\" aria-describedby=\"caption-attachment-5200\" style=\"width: 1024px\" class=\"wp-caption alignnone\"><img loading=\"lazy\" decoding=\"async\" class=\"size-large wp-image-5200\" src=\"https:\/\/www.classefinn.it\/wp17\/wp-content\/uploads\/2019\/07\/20190720-2019-Finn-Silver-Cup-Anzio-Pic-Robert-Deaves-Day0-ITA2-Guglielmo-1024x683.jpg\" alt=\"\" width=\"1024\" height=\"683\" \/><figcaption id=\"caption-attachment-5200\" class=\"wp-caption-text\">2019 U23 Finn World Championship for the Jorg Bruder Finn Silver Cup. 14-20 July, Circolo della Vela di Roma, Anzio, Italy.<\/figcaption><\/figure>\n<p><img loading=\"lazy\" decoding=\"async\" class=\"alignnone size-full wp-image-5193\" src=\"https:\/\/www.classefinn.it\/wp17\/wp-content\/uploads\/2019\/07\/Logo-Silver-Cup-2019-6m.jpg\" alt=\"\" width=\"512\" height=\"349\" \/><\/p>\n","protected":false},"excerpt":{"rendered":"<p>Il Circolo della Vela di Roma ha organizzato a Anzio dal 14 al 20 luglio la Finn Silver Cup, il Campionato mondiale Under 23. 28 timonieri provenienti da 16 nazioni hanno disputato tutte le undici prove previste dal programma, con condizioni meteo perfette e vento che \u00e8 stato medio forte nella prima spettacolare giornata di [&hellip;]<\/p>\n","protected":false},"author":4,"featured_media":5206,"comment_status":"open","ping_status":"open","sticky":false,"template":"","format":"standard","meta":{"footnotes":""},"categories":[41,40,22,37,24],"tags":[],"class_list":["post-5214","post","type-post","status-publish","format-standard","has-post-thumbnail","hentry","category-41","category-finn-silver-cup","category-news","category-primo-piano","category-regate"],"_links":{"self":[{"href":"https:\/\/tractrac.it\/dev\/wp-json\/wp\/v2\/posts\/5214","targetHints":{"allow":["GET"]}}],"collection":[{"href":"https:\/\/tractrac.it\/dev\/wp-json\/wp\/v2\/posts"}],"about":[{"href":"https:\/\/tractrac.it\/dev\/wp-json\/wp\/v2\/types\/post"}],"author":[{"embeddable":true,"href":"https:\/\/tractrac.it\/dev\/wp-json\/wp\/v2\/users\/4"}],"replies":[{"embeddable":true,"href":"https:\/\/tractrac.it\/dev\/wp-json\/wp\/v2\/comments?post=5214"}],"version-history":[{"count":0,"href":"https:\/\/tractrac.it\/dev\/wp-json\/wp\/v2\/posts\/5214\/revisions"}],"wp:featuredmedia":[{"embeddable":true,"href":"https:\/\/tractrac.it\/dev\/wp-json\/"}],"wp:attachment":[{"href":"https:\/\/tractrac.it\/dev\/wp-json\/wp\/v2\/media?parent=5214"}],"wp:term":[{"taxonomy":"category","embeddable":true,"href":"https:\/\/tractrac.it\/dev\/wp-json\/wp\/v2\/categories?post=5214"},{"taxonomy":"post_tag","embeddable":true,"href":"https:\/\/tractrac.it\/dev\/wp-json\/wp\/v2\/tags?post=5214"}],"curies":[{"name":"wp","href":"https:\/\/api.w.org\/{rel}","templated":true}]}}