{"id":5185,"date":"2019-07-03T23:52:51","date_gmt":"2019-07-03T21:52:51","guid":{"rendered":"https:\/\/www.classefinn.it\/?p=5185"},"modified":"2019-07-03T23:52:51","modified_gmt":"2019-07-03T21:52:51","slug":"giacomo-giovanelli-vince-la-terza-tappa-coppa-italia-capodimonte","status":"publish","type":"post","link":"https:\/\/tractrac.it\/dev\/giacomo-giovanelli-vince-la-terza-tappa-coppa-italia-capodimonte\/","title":{"rendered":"Giacomo Giovanelli vince la terza tappa di Coppa Italia a Capodimonte"},"content":{"rendered":"<p>La terza tappa della Coppa Italia Finn 2019 si \u00e8 disputata a Capodimonte sul lago di Bolsena per l\u2019organizzazione del Club Nautico Capodimonte, che festeggia quest\u2019anno i 50 anni dalla fondazione.<!--more--><\/p>\n<p>Anche questa volta la classe Finn italiana si \u00e8 dimostrata vitale, con 43 timonieri iscritti.<\/p>\n<p>Si sono disputate tutte le cinque prove previste, di cui tre il sabato con un bel vento da Nord Est che \u00e8 progressivamente aumentato dagli 8-10 nodi della prima prova fino a 15 nodi e oltre nella terza. Le ultime due prove della domenica il vento \u00e8 invece stato debole, sempre dai quadranti settentrionali, ed il percorso \u00e8 stato ridotto in entrambe le prove alla fine della prima poppa.<\/p>\n<p>La vittoria \u00e8 andata a Giacomo Giovanelli (C.N. Fanese, 2-4-6-31-2) che \u00e8 riuscito ad essere pi\u00f9 regolare di tutti pur non vincendo nessuna prova. Al secondo posto il giovane Matteo Iovenitti (C.C. Aniene, 6-6-1-9-5) che ha preceduto l\u2019esperto Enrico Passoni, vincitore delle prime due prove (Lega Navale Anzio, 1-1-15-37-3). Seguono Roberto Strappati (Lega Navale Ancona) al quarto posto e Marco Buglielli (Circolo Vela Roma) al quinto.<\/p>\n<p>I premi di categoria sono stati assegnati a Paolo Freddi primo degli Juniores (sesto assoluto), al vincitore Giacomo Giovanelli per i Master, a Marco Buglielli per i Grand Master, a Enrico Passoni tra i Grand Grand Master e al triestino Bruno Catalan nella categoria Legend.<\/p>\n<p>Nella classifica di Coppa Italia Roberto Strappati resta al comando con 4 punti di vantaggio su Giacomo Giovanelli e 5 su Matteo Iovenitti.<\/p>\n<p>Le prossime prove della Coppa Italia Finn si disputeranno dall\u201911 al 14 settembre in occasione del Campionato Italiano Classi Olimpiche a Gargnano sul lago di Garda.<\/p>\n<p>L\u2019attenzione della classe Finn italiana e internazionale si sposta adesso a Anzio, dove dal 14 al 20 luglio il Circolo della Vela di Roma organizza la Finn Silver Cup, il mondiale Under 23 della classe Finn.<\/p>\n<p>Il video di sintesi della regata, realizzato da Ernst Bruns, \u00e8 disponibile al link: <a href=\"https:\/\/youtu.be\/6-vnZ7-AVSU\" target=\"_blank\" rel=\"noopener noreferrer\">https:\/\/youtu.be\/6-vnZ7-AVSU<\/a><\/p>\n<p><a href=\"https:\/\/www.classefinn.it\/wp17\/wp-content\/uploads\/2019\/07\/20190629-30_Capodimonte_Coppa_Italia.pdf\" target=\"_blank\" rel=\"noopener noreferrer\">Classifica\u00a0Capodimonte<\/a><\/p>\n<p><a href=\"https:\/\/www.classefinn.it\/wp17\/wp-content\/uploads\/2019\/07\/20190630_Coppa_Italia_Classifica_dopo_Capodimonte.pdf\" target=\"_blank\" rel=\"noopener noreferrer\">Classifica provvisoria di Coppa Italia<\/a><\/p>\n<p>Foto di Fabio Cotroneo e Ernst Bruns<\/p>\n<p><img loading=\"lazy\" decoding=\"async\" class=\"alignnone size-large wp-image-5183\" src=\"https:\/\/www.classefinn.it\/wp17\/wp-content\/uploads\/2019\/07\/20190630_Coppa_Italia_Finn_Capodimonte_PARTENZA_foto_Fabio_Cotroneo-1024x594.jpg\" alt=\"\" width=\"1024\" height=\"594\" \/> <img loading=\"lazy\" decoding=\"async\" class=\"alignnone size-large wp-image-5182\" src=\"https:\/\/www.classefinn.it\/wp17\/wp-content\/uploads\/2019\/07\/20190630_Coppa_Italia_Finn_Capodimonte_MATTEO_IOVENITTI_foto_Fabio_Cotroneo-1024x594.jpg\" alt=\"\" width=\"1024\" height=\"594\" \/> <img loading=\"lazy\" decoding=\"async\" class=\"alignnone size-large wp-image-5181\" src=\"https:\/\/www.classefinn.it\/wp17\/wp-content\/uploads\/2019\/07\/20190630_Coppa_Italia_Finn_Capodimonte_GIACOMO_GIOVANELLI_foto_Fabio_Cotroneo-1024x594.jpg\" alt=\"\" width=\"1024\" height=\"594\" \/> <img loading=\"lazy\" decoding=\"async\" class=\"alignnone size-large wp-image-5180\" src=\"https:\/\/www.classefinn.it\/wp17\/wp-content\/uploads\/2019\/07\/20190630_Coppa_Italia_Finn_Capodimonte_FUN_foto_Fabio_Cotroneo-1024x594.jpg\" alt=\"\" width=\"1024\" height=\"594\" \/> <img loading=\"lazy\" decoding=\"async\" class=\"alignnone size-large wp-image-5179\" src=\"https:\/\/www.classefinn.it\/wp17\/wp-content\/uploads\/2019\/07\/20190630_Coppa_Italia_Finn_Capodimonte_PREMIAZIONE_foto_Ernst_Bruns_s-1024x823.jpg\" alt=\"\" width=\"1024\" height=\"823\" \/><\/p>\n<p>&nbsp;<\/p>\n<p>&nbsp;<\/p>\n","protected":false},"excerpt":{"rendered":"<p>La terza tappa della Coppa Italia Finn 2019 si \u00e8 disputata a Capodimonte sul lago di Bolsena per l\u2019organizzazione del Club Nautico Capodimonte, che festeggia quest\u2019anno i 50 anni dalla fondazione.<\/p>\n","protected":false},"author":4,"featured_media":5180,"comment_status":"open","ping_status":"open","sticky":false,"template":"","format":"standard","meta":{"footnotes":""},"categories":[41,5,22,37,24],"tags":[],"class_list":["post-5185","post","type-post","status-publish","format-standard","has-post-thumbnail","hentry","category-41","category-coppa-italia","category-news","category-primo-piano","category-regate"],"_links":{"self":[{"href":"https:\/\/tractrac.it\/dev\/wp-json\/wp\/v2\/posts\/5185","targetHints":{"allow":["GET"]}}],"collection":[{"href":"https:\/\/tractrac.it\/dev\/wp-json\/wp\/v2\/posts"}],"about":[{"href":"https:\/\/tractrac.it\/dev\/wp-json\/wp\/v2\/types\/post"}],"author":[{"embeddable":true,"href":"https:\/\/tractrac.it\/dev\/wp-json\/wp\/v2\/users\/4"}],"replies":[{"embeddable":true,"href":"https:\/\/tractrac.it\/dev\/wp-json\/wp\/v2\/comments?post=5185"}],"version-history":[{"count":0,"href":"https:\/\/tractrac.it\/dev\/wp-json\/wp\/v2\/posts\/5185\/revisions"}],"wp:featuredmedia":[{"embeddable":true,"href":"https:\/\/tractrac.it\/dev\/wp-json\/"}],"wp:attachment":[{"href":"https:\/\/tractrac.it\/dev\/wp-json\/wp\/v2\/media?parent=5185"}],"wp:term":[{"taxonomy":"category","embeddable":true,"href":"https:\/\/tractrac.it\/dev\/wp-json\/wp\/v2\/categories?post=5185"},{"taxonomy":"post_tag","embeddable":true,"href":"https:\/\/tractrac.it\/dev\/wp-json\/wp\/v2\/tags?post=5185"}],"curies":[{"name":"wp","href":"https:\/\/api.w.org\/{rel}","templated":true}]}}