{"id":4998,"date":"2019-04-30T18:02:16","date_gmt":"2019-04-30T16:02:16","guid":{"rendered":"https:\/\/www.classefinn.it\/?p=4998"},"modified":"2019-04-30T18:02:16","modified_gmt":"2019-04-30T16:02:16","slug":"roberto-strappati-si-aggiudica-la-seconda-tappa-coppa-italia-caldaro","status":"publish","type":"post","link":"https:\/\/tractrac.it\/dev\/roberto-strappati-si-aggiudica-la-seconda-tappa-coppa-italia-caldaro\/","title":{"rendered":"Roberto Strappati si aggiudica la seconda tappa di Coppa Italia a Caldaro"},"content":{"rendered":"<p>La seconda tappa della Coppa Italia Finn 2019 si \u00e8 disputata nel fine settimana in occasione della classica Sudtirol Finn Cup \u2013 Trofeo Dr. Schaer, organizzata dall\u2019Associazione Velica Lago di Caldaro. Ben 57 i timonieri presenti, di cui 46 italiani ed alcuni austriaci, tedeschi e svizzeri.<!--more--><\/p>\n<p>Dopo le piogge dei giorni precedenti, la giornata di sabato \u00e8 stata ricca di sole ma il vento non \u00e8 riuscito a entrare, costringendo organizzatori e regatanti ad una lunga attesa, allietata dalla tradizionale merenda e conclusa con l\u2019elegante e ottima cena offerta dallo sponsor Dr. Schaer.<\/p>\n<p>La domenica si \u00e8 presentata fredda, con la neve caduta nella notte sulle montagne intorno al lago, ma un buon vento da Nord \u00e8 entrato verso le 12, consentendo di disputare tre belle prove con raffiche molto variabili in intensit\u00e0 e direzione.<\/p>\n<p>Il migliore e pi\u00f9 regolare nei salti di vento \u00e8 stato Roberto Strappati (LNI Ancona, 4-2-3) che pur non vincendo nessuna prova \u00e8 riuscito a regatare sempre tra i primi. In seconda posizione si \u00e8 piazzato un altro anconetano, Tommaso Ronconi (Assonautica Ancona, 3-1-9) che ha preceduto il locale Peter Stuffer (AV Lago Caldaro, 10-3-2). Al quarto posto il giovane romano Matteo Iovenitti (1-6-10) vincitore della prima prova e al quinto Alessandro Cattaneo (CV Roma, 2-4-16). Seguono a completare i primi dieci Nicola Menoni, Klaus Heufler, Harald Stuffer (vincitore dell\u2019ultima prova), Giacomo Giovanelli e Marco Buglielli.<\/p>\n<p>I premi di categoria sono stati assegnati a Paolo Freddi primo degli Juniores, a Tommaso Ronconi per i Master, Nicola Menoni per i Grand Master, al tedesco Detlev Guminski tra i Grand Grand Master e al toscano Franco Dazzi come Legend.<\/p>\n<p>Nella classifica a squadre del Trofeo Dr. Schaer si \u00e8 imposta la squadra dei marchigiani composta da Roberto Strappati, Tommaso Ronconi e Giacomo Giovanelli.<\/p>\n<p>Ottimo il lavoro del Comitato di Regata presieduto da Carlos Wenzel, che ha fatto il massimo nelle difficili condizioni.<\/p>\n<p>Roberto ha anche preso il largo nella classifica di Coppa Italia, precedendo di 7 punti Matteo Iovenitti e Giacomo Giovanelli.<\/p>\n<p>Le prossime prove della Coppa Italia Finn si disputeranno il 29 e 30 giugno a Capodimonte sul lago di Bolsena.<\/p>\n<p>Il video di sintesi della regata, realizzato da Ernst Bruns, \u00e8 disponibile al link: <a href=\"https:\/\/youtu.be\/9G8fJdbK6Ag\" target=\"_blank\" rel=\"noopener noreferrer\">https:\/\/youtu.be\/9G8fJdbK6Ag<\/a><\/p>\n<p><a href=\"https:\/\/www.classefinn.it\/wp17\/wp-content\/uploads\/2019\/04\/20190427-28_classifica_Finn_Caldaro_Dr-Schaer.pdf\" target=\"_blank\" rel=\"noopener noreferrer\">Classifica\u00a0Caldaro<\/a><\/p>\n<p><a href=\"https:\/\/www.classefinn.it\/wp17\/wp-content\/uploads\/2019\/04\/20190428_Coppa_Italia_Classifica_dopo_Caldaro.pdf\" target=\"_blank\" rel=\"noopener noreferrer\">Classifica provvisoria di Coppa Italia<\/a><\/p>\n<p>Foto di\u00a0Ernst Bruns<\/p>\n<p><img loading=\"lazy\" decoding=\"async\" class=\"alignnone size-full wp-image-5001\" src=\"https:\/\/www.classefinn.it\/wp17\/wp-content\/uploads\/2019\/04\/20190428_Caldaro_PODIO_foto_Ernst_Bruns.jpg\" alt=\"\" width=\"480\" height=\"309\" \/><\/p>\n<p><img loading=\"lazy\" decoding=\"async\" class=\"alignnone size-full wp-image-5000\" src=\"https:\/\/www.classefinn.it\/wp17\/wp-content\/uploads\/2019\/04\/20190428_Caldaro_PARTENZA_foto_Ernst_Bruns.jpg\" alt=\"\" width=\"640\" height=\"474\" \/><\/p>\n<p><img loading=\"lazy\" decoding=\"async\" class=\"alignnone size-full wp-image-4997\" src=\"https:\/\/www.classefinn.it\/wp17\/wp-content\/uploads\/2019\/04\/20190428_Caldaro_STRAPPATI_RONCONI_GIOVANELLI_foto_Ernst_Bruns.jpg\" alt=\"\" width=\"640\" height=\"406\" \/><\/p>\n<p><img loading=\"lazy\" decoding=\"async\" class=\"alignnone size-full wp-image-4994\" src=\"https:\/\/www.classefinn.it\/wp17\/wp-content\/uploads\/2019\/04\/20190428_Caldaro_STRAPPATI_BUGLIELLI_foto_Ernst_Bruns.jpg\" alt=\"\" width=\"640\" height=\"427\" \/><\/p>\n<p><img loading=\"lazy\" decoding=\"async\" class=\"alignnone size-full wp-image-5002\" src=\"https:\/\/www.classefinn.it\/wp17\/wp-content\/uploads\/2019\/04\/20190428_Caldaro_ROBERTO_STRAPPATI_foto_Ernst_Bruns.jpg\" alt=\"\" width=\"440\" height=\"350\" \/><\/p>\n<p><img loading=\"lazy\" decoding=\"async\" class=\"alignnone size-full wp-image-4999\" src=\"https:\/\/www.classefinn.it\/wp17\/wp-content\/uploads\/2019\/04\/20190428_Caldaro_STRAPPATI_STUFFER_foto_Ernst_Bruns.jpg\" alt=\"\" width=\"640\" height=\"471\" \/><\/p>\n<p><img loading=\"lazy\" decoding=\"async\" class=\"alignnone size-full wp-image-4996\" src=\"https:\/\/www.classefinn.it\/wp17\/wp-content\/uploads\/2019\/04\/20190428_Caldaro_STRAPPATI_RONCONI_foto_Ernst_Bruns.jpg\" alt=\"\" width=\"605\" height=\"480\" \/><\/p>\n<p><img loading=\"lazy\" decoding=\"async\" class=\"alignnone size-full wp-image-4995\" src=\"https:\/\/www.classefinn.it\/wp17\/wp-content\/uploads\/2019\/04\/20190428_Caldaro_STRAPPATI_foto_Ernst_Bruns.jpg\" alt=\"\" width=\"640\" height=\"428\" \/><\/p>\n<p>&nbsp;<\/p>\n<p>&nbsp;<\/p>\n","protected":false},"excerpt":{"rendered":"<p>La seconda tappa della Coppa Italia Finn 2019 si \u00e8 disputata nel fine settimana in occasione della classica Sudtirol Finn Cup \u2013 Trofeo Dr. Schaer, organizzata dall\u2019Associazione Velica Lago di Caldaro. Ben 57 i timonieri presenti, di cui 46 italiani ed alcuni austriaci, tedeschi e svizzeri.<\/p>\n","protected":false},"author":4,"featured_media":5000,"comment_status":"open","ping_status":"open","sticky":false,"template":"","format":"standard","meta":{"footnotes":""},"categories":[41,5,22,37,24],"tags":[],"class_list":["post-4998","post","type-post","status-publish","format-standard","has-post-thumbnail","hentry","category-41","category-coppa-italia","category-news","category-primo-piano","category-regate"],"_links":{"self":[{"href":"https:\/\/tractrac.it\/dev\/wp-json\/wp\/v2\/posts\/4998","targetHints":{"allow":["GET"]}}],"collection":[{"href":"https:\/\/tractrac.it\/dev\/wp-json\/wp\/v2\/posts"}],"about":[{"href":"https:\/\/tractrac.it\/dev\/wp-json\/wp\/v2\/types\/post"}],"author":[{"embeddable":true,"href":"https:\/\/tractrac.it\/dev\/wp-json\/wp\/v2\/users\/4"}],"replies":[{"embeddable":true,"href":"https:\/\/tractrac.it\/dev\/wp-json\/wp\/v2\/comments?post=4998"}],"version-history":[{"count":0,"href":"https:\/\/tractrac.it\/dev\/wp-json\/wp\/v2\/posts\/4998\/revisions"}],"wp:featuredmedia":[{"embeddable":true,"href":"https:\/\/tractrac.it\/dev\/wp-json\/"}],"wp:attachment":[{"href":"https:\/\/tractrac.it\/dev\/wp-json\/wp\/v2\/media?parent=4998"}],"wp:term":[{"taxonomy":"category","embeddable":true,"href":"https:\/\/tractrac.it\/dev\/wp-json\/wp\/v2\/categories?post=4998"},{"taxonomy":"post_tag","embeddable":true,"href":"https:\/\/tractrac.it\/dev\/wp-json\/wp\/v2\/tags?post=4998"}],"curies":[{"name":"wp","href":"https:\/\/api.w.org\/{rel}","templated":true}]}}