{"id":4973,"date":"2019-04-18T12:12:19","date_gmt":"2019-04-18T10:12:19","guid":{"rendered":"https:\/\/www.classefinn.it\/?p=4973"},"modified":"2019-04-18T12:12:19","modified_gmt":"2019-04-18T10:12:19","slug":"vittoria-marco-buglielli-alla-zonale-gaeta","status":"publish","type":"post","link":"https:\/\/tractrac.it\/dev\/vittoria-marco-buglielli-alla-zonale-gaeta\/","title":{"rendered":"Vittoria di Marco Buglielli alla zonale di Gaeta"},"content":{"rendered":"<p>Lo Yacht Club Gaeta ha organizzato il 13 e 14 aprile la seconda zonale del 2019 per Finn e Dinghy.<\/p>\n<p>Il tempo perturbato ed instabile del fine settimana non ha impedito lo svolgimento di 4\u00a0prove, con vento leggero ma sufficientemente regolare .<br \/>\n<!--more--><\/p>\n<p>Il Comitato di Regata \u00e8 stato pronto a far uscire le barche, il sabato sotto la pioggia, e\u00a0anche a spostare il campo quando necessario per i salti del vento e per l&#8217;entrata e uscita dal porto delle petroliere.<\/p>\n<p>Il sabato si \u00e8 corsa una prova vinta con distacco da Andrea Lino, e la seconda \u00e8 stata interrotta per il calo del vento quando Massimo Paccosi, che era nettamente in testa, aveva gi\u00e0 girato la seconda bolina.<\/p>\n<p>La domenica nonostante le previsioni poco confortanti \u00e8 uscito un bel sole e verso le 13 le barche sono uscite in mare con la brezza che iniziava a salire. Le prime due prove si sono corse con vento leggero da Sud in rotazione verso destra, ma con maggiore pressione sul lato sinistro del campo. La prima \u00e8 stata vinta da Marco Buglielli con distacco,\u00a0e Marco ha bissato il successo anche nella seconda prova sfruttando una avaria di Gino Bucciarelli che era in testa.<\/p>\n<p>Dopo una pausa per lo spostamento del campo pi\u00f9 a terra, con il vento che intanto era girato a Ponente, si \u00e8 corsa la quarta prova con vento molto rafficato. Ancora una volta Andrea Lino \u00e8 stato pronto a sfruttare i salti di vento e ha vinto di nuovo, davanti a Massimo Paccosi.<\/p>\n<p>Nella classifica finale Marco Buglielli\u00a0conduce con due punti di vantaggio su Andrea Lino e altri due su Massimo Paccosi. Seguono al quarto posto Furio Monaco e al quinto Nando Colaninno.<\/p>\n<p>Ottima l&#8217;organizzazione dello Yacht Club Gaeta con Luca Simeone sempre presente e attento.<\/p>\n<p><a href=\"https:\/\/www.classefinn.it\/wp17\/wp-content\/uploads\/2019\/04\/20190413-14_Gaeta_Zonale.pdf\" target=\"_blank\" rel=\"noopener noreferrer\"><strong>Classifica\u00a0Gaeta<\/strong><\/a><\/p>\n<p><a href=\"https:\/\/www.classefinn.it\/wp17\/wp-content\/uploads\/2019\/04\/20190414_classifica_Camp_Zonale_Finn_2019_dopo_Gaeta.pdf\" target=\"_blank\" rel=\"noopener noreferrer\"><strong>Classifica Campionato zonale dopo Anzio e Gaeta<\/strong><\/a><\/p>\n<p>Foto di Gianluca Di Fazio &#8211; YCG<\/p>\n<hr \/>\n<p><img loading=\"lazy\" decoding=\"async\" class=\"alignnone size-full wp-image-4981\" src=\"https:\/\/www.classefinn.it\/wp17\/wp-content\/uploads\/2019\/04\/20190413-14_Gaeta_49.jpg\" alt=\"\" width=\"900\" height=\"598\" \/> <img loading=\"lazy\" decoding=\"async\" class=\"alignnone size-full wp-image-4980\" src=\"https:\/\/www.classefinn.it\/wp17\/wp-content\/uploads\/2019\/04\/20190413-14_Gaeta_31.jpg\" alt=\"\" width=\"900\" height=\"598\" \/> <img loading=\"lazy\" decoding=\"async\" class=\"alignnone size-full wp-image-4979\" src=\"https:\/\/www.classefinn.it\/wp17\/wp-content\/uploads\/2019\/04\/20190413-14_Gaeta_30.jpg\" alt=\"\" width=\"900\" height=\"598\" \/> <img loading=\"lazy\" decoding=\"async\" class=\"alignnone size-full wp-image-4978\" src=\"https:\/\/www.classefinn.it\/wp17\/wp-content\/uploads\/2019\/04\/20190413-14_Gaeta_06.jpg\" alt=\"\" width=\"900\" height=\"598\" \/> <img loading=\"lazy\" decoding=\"async\" class=\"alignnone size-full wp-image-4977\" src=\"https:\/\/www.classefinn.it\/wp17\/wp-content\/uploads\/2019\/04\/20190413-14_Gaeta_Premiazione.jpg\" alt=\"\" width=\"900\" height=\"598\" \/><\/p>\n<p>&nbsp;<\/p>\n","protected":false},"excerpt":{"rendered":"<p>Lo Yacht Club Gaeta ha organizzato il 13 e 14 aprile la seconda zonale del 2019 per Finn e Dinghy. Il tempo perturbato ed instabile del fine settimana non ha impedito lo svolgimento di 4\u00a0prove, con vento leggero ma sufficientemente regolare .<\/p>\n","protected":false},"author":4,"featured_media":4977,"comment_status":"open","ping_status":"open","sticky":false,"template":"","format":"standard","meta":{"footnotes":""},"categories":[41,22,24,25],"tags":[],"class_list":["post-4973","post","type-post","status-publish","format-standard","has-post-thumbnail","hentry","category-41","category-news","category-regate","category-trofei-storici-e-zonali"],"_links":{"self":[{"href":"https:\/\/tractrac.it\/dev\/wp-json\/wp\/v2\/posts\/4973","targetHints":{"allow":["GET"]}}],"collection":[{"href":"https:\/\/tractrac.it\/dev\/wp-json\/wp\/v2\/posts"}],"about":[{"href":"https:\/\/tractrac.it\/dev\/wp-json\/wp\/v2\/types\/post"}],"author":[{"embeddable":true,"href":"https:\/\/tractrac.it\/dev\/wp-json\/wp\/v2\/users\/4"}],"replies":[{"embeddable":true,"href":"https:\/\/tractrac.it\/dev\/wp-json\/wp\/v2\/comments?post=4973"}],"version-history":[{"count":0,"href":"https:\/\/tractrac.it\/dev\/wp-json\/wp\/v2\/posts\/4973\/revisions"}],"wp:featuredmedia":[{"embeddable":true,"href":"https:\/\/tractrac.it\/dev\/wp-json\/"}],"wp:attachment":[{"href":"https:\/\/tractrac.it\/dev\/wp-json\/wp\/v2\/media?parent=4973"}],"wp:term":[{"taxonomy":"category","embeddable":true,"href":"https:\/\/tractrac.it\/dev\/wp-json\/wp\/v2\/categories?post=4973"},{"taxonomy":"post_tag","embeddable":true,"href":"https:\/\/tractrac.it\/dev\/wp-json\/wp\/v2\/tags?post=4973"}],"curies":[{"name":"wp","href":"https:\/\/api.w.org\/{rel}","templated":true}]}}