{"id":4851,"date":"2019-02-26T16:14:35","date_gmt":"2019-02-26T15:14:35","guid":{"rendered":"https:\/\/www.classefinn.it\/?p=4851"},"modified":"2019-02-26T16:14:35","modified_gmt":"2019-02-26T15:14:35","slug":"enrico-passoni-si-aggiudica-campionato-invernale-anzio","status":"publish","type":"post","link":"https:\/\/tractrac.it\/dev\/enrico-passoni-si-aggiudica-campionato-invernale-anzio\/","title":{"rendered":"Enrico Passoni si aggiudica il Campionato invernale di Anzio"},"content":{"rendered":"<p>Con la disputa del Midwinter Trophy sabato 23 e domenica 24 febbraio si \u00e8 concluso il Campionato invernale di Anzio, con le vittoria finale di Enrico Passoni.<\/p>\n<p><!--more--><\/p>\n<p>L&#8217;ultimo fine settimana di regata \u00e8 stato caratterizzato dal forte grecale del sabato, che \u00e8 arrivato improvviso quando la mattina si presentava invece molto tranquilla e il Comitato di Regata era uscito insieme ai primi concorrenti. Va detto che solitamente ad Anzio il grecale \u00e8 ridossato dalla mole del Gran Sasso e dai pi\u00f9 vicini Monti Lepini, ma questa volta\u00a0invece il vento \u00e8 arrivato rapidamente intorno ai 30 nodi e successivamente, quando tutti erano rientrati senza danni in porto, anche intorno ai 40 nodi. La giornata si \u00e8 quindi conclusa a tavola davanti a un bel piatto di spaghetti.<\/p>\n<p>La domenica un bel ponente da 10 a 15 nodi in una perfetta giornata di sole ha consentito una degna conclusione dell&#8217;invernale. Si sono disputate due belle prove, con Enrico Passoni e Marco Buglielli che si sono scambiati il primo e secondo posto\u00a0e Marco che si \u00e8 aggiudicato il Midwinter Trophy grazie alla vittoria nell&#8217;ultima prova.<\/p>\n<p>Il Campionato invernale si \u00e8 cos\u00ec concluso, dopo lo svolgimento di 15 belle regate, con il netto dominio di Enrico Passoni che ha vinto ben 9 prove e si \u00e8 permesso di scartare due secondi e un terzo. Al secondo posto sin dall&#8217;inizio Francesco Cinque con due vittorie parziali e una sfilza di secondi e terzi posti. Completa il podio Marco Buglielli che ha strappato la posizione a Gino Bucciarelli nell&#8217;ultimo fine settimana e solo grazie all&#8217;assenza di Gino, che conclude comunque al quarto posto. Segue al quinto posto Alberto Romano e a completare i primi dieci Andrea Lino, Antonio Pitini, Stefano Caruso, Massimo Grossi e Juan Ignacio Cataneo.<\/p>\n<p>I prossimi appuntamenti a Anzio sono per un allenamento collettivo il 9 e 10 marzo e per la prima prova di Coppa Italia il 23 e 24 marzo.<\/p>\n<p><a href=\"https:\/\/www.classefinn.it\/wp17\/wp-content\/uploads\/2019\/02\/20190224_Classifica_Invernale_FINN_15prove.pdf\" target=\"_blank\" rel=\"noopener noreferrer\"><em><img loading=\"lazy\" decoding=\"async\" class=\"alignnone size-full wp-image-1983\" src=\"http:\/\/www.classefinn.it\/wp17\/wp-content\/uploads\/2017\/04\/link.png\" alt=\"\" width=\"14\" height=\"14\" \/> <\/em>Classifica definitiva Invernale Anzio dopo 15 prove<\/a><\/p>\n<p><img loading=\"lazy\" decoding=\"async\" class=\"alignnone size-large wp-image-4852\" src=\"https:\/\/www.classefinn.it\/wp17\/wp-content\/uploads\/2019\/02\/20190224_Invernale_Finn_Enrico_Passoni-1024x693.jpg\" alt=\"\" width=\"1024\" height=\"693\" \/><\/p>\n<p><img loading=\"lazy\" decoding=\"async\" class=\"alignnone size-large wp-image-4853\" src=\"https:\/\/www.classefinn.it\/wp17\/wp-content\/uploads\/2019\/02\/20190224_Invernale_Finn_Premiazione-1024x483.jpg\" alt=\"\" width=\"1024\" height=\"483\" \/><\/p>\n","protected":false},"excerpt":{"rendered":"<p>Con la disputa del Midwinter Trophy sabato 23 e domenica 24 febbraio si \u00e8 concluso il Campionato invernale di Anzio, con le vittoria finale di Enrico Passoni.<\/p>\n","protected":false},"author":4,"featured_media":4852,"comment_status":"open","ping_status":"open","sticky":false,"template":"","format":"standard","meta":{"footnotes":""},"categories":[41,22,24,25],"tags":[],"class_list":["post-4851","post","type-post","status-publish","format-standard","has-post-thumbnail","hentry","category-41","category-news","category-regate","category-trofei-storici-e-zonali"],"_links":{"self":[{"href":"https:\/\/tractrac.it\/dev\/wp-json\/wp\/v2\/posts\/4851","targetHints":{"allow":["GET"]}}],"collection":[{"href":"https:\/\/tractrac.it\/dev\/wp-json\/wp\/v2\/posts"}],"about":[{"href":"https:\/\/tractrac.it\/dev\/wp-json\/wp\/v2\/types\/post"}],"author":[{"embeddable":true,"href":"https:\/\/tractrac.it\/dev\/wp-json\/wp\/v2\/users\/4"}],"replies":[{"embeddable":true,"href":"https:\/\/tractrac.it\/dev\/wp-json\/wp\/v2\/comments?post=4851"}],"version-history":[{"count":0,"href":"https:\/\/tractrac.it\/dev\/wp-json\/wp\/v2\/posts\/4851\/revisions"}],"wp:featuredmedia":[{"embeddable":true,"href":"https:\/\/tractrac.it\/dev\/wp-json\/"}],"wp:attachment":[{"href":"https:\/\/tractrac.it\/dev\/wp-json\/wp\/v2\/media?parent=4851"}],"wp:term":[{"taxonomy":"category","embeddable":true,"href":"https:\/\/tractrac.it\/dev\/wp-json\/wp\/v2\/categories?post=4851"},{"taxonomy":"post_tag","embeddable":true,"href":"https:\/\/tractrac.it\/dev\/wp-json\/wp\/v2\/tags?post=4851"}],"curies":[{"name":"wp","href":"https:\/\/api.w.org\/{rel}","templated":true}]}}