{"id":4707,"date":"2019-01-25T17:43:48","date_gmt":"2019-01-25T16:43:48","guid":{"rendered":"https:\/\/www.classefinn.it\/?p=4707"},"modified":"2019-01-25T17:43:48","modified_gmt":"2019-01-25T16:43:48","slug":"campionato-invernale-viareggio","status":"publish","type":"post","link":"https:\/\/tractrac.it\/dev\/campionato-invernale-viareggio\/","title":{"rendered":"Campionato invernale di Viareggio"},"content":{"rendered":"<p>E&#8217; iniziato il Campionato invernale a Viareggio, con prossime prove\u00a0<strong>3-16-17 febbraio, 3-17-31 marzo, 13 14 aprile 2019<\/strong><\/p>\n<p><!--more--><\/p>\n<p><a href=\"http:\/\/velicaviareggina.altervista.org\/bando-di-regata-campionato-invernale-2019-classe-finn\/\" target=\"_blank\" rel=\"noopener noreferrer\">Bando di regata<\/a><\/p>\n<p>C\u2019\u00e8 la possibilit\u00e0 per chi viene dal nord di avere le barche gi\u00e0 a mezza via per la tappa di Anzio e per chi viene dal sud stessa cosa per la tappa di Caldaro.<\/p>\n<p>Il primo w.e. si sono disputate 4 prove con vento tra 6 e 9 kn da 110\u00b0 temperatura mite, circa 15\u00b0.<\/p>\n<p>classifica provvisoria ITA 9, ITA 27, ITA 10, ITA 43, ITA 986<\/p>\n","protected":false},"excerpt":{"rendered":"<p>E&#8217; iniziato il Campionato invernale a Viareggio, con prossime prove\u00a03-16-17 febbraio, 3-17-31 marzo, 13 14 aprile 2019<\/p>\n","protected":false},"author":4,"featured_media":4708,"comment_status":"open","ping_status":"open","sticky":false,"template":"","format":"standard","meta":{"footnotes":""},"categories":[41,34,22,24,25],"tags":[],"class_list":["post-4707","post","type-post","status-publish","format-standard","has-post-thumbnail","hentry","category-41","category-bandi","category-news","category-regate","category-trofei-storici-e-zonali"],"_links":{"self":[{"href":"https:\/\/tractrac.it\/dev\/wp-json\/wp\/v2\/posts\/4707","targetHints":{"allow":["GET"]}}],"collection":[{"href":"https:\/\/tractrac.it\/dev\/wp-json\/wp\/v2\/posts"}],"about":[{"href":"https:\/\/tractrac.it\/dev\/wp-json\/wp\/v2\/types\/post"}],"author":[{"embeddable":true,"href":"https:\/\/tractrac.it\/dev\/wp-json\/wp\/v2\/users\/4"}],"replies":[{"embeddable":true,"href":"https:\/\/tractrac.it\/dev\/wp-json\/wp\/v2\/comments?post=4707"}],"version-history":[{"count":0,"href":"https:\/\/tractrac.it\/dev\/wp-json\/wp\/v2\/posts\/4707\/revisions"}],"wp:featuredmedia":[{"embeddable":true,"href":"https:\/\/tractrac.it\/dev\/wp-json\/"}],"wp:attachment":[{"href":"https:\/\/tractrac.it\/dev\/wp-json\/wp\/v2\/media?parent=4707"}],"wp:term":[{"taxonomy":"category","embeddable":true,"href":"https:\/\/tractrac.it\/dev\/wp-json\/wp\/v2\/categories?post=4707"},{"taxonomy":"post_tag","embeddable":true,"href":"https:\/\/tractrac.it\/dev\/wp-json\/wp\/v2\/tags?post=4707"}],"curies":[{"name":"wp","href":"https:\/\/api.w.org\/{rel}","templated":true}]}}