{"id":4528,"date":"2018-10-02T16:16:31","date_gmt":"2018-10-02T14:16:31","guid":{"rendered":"https:\/\/www.classefinn.it\/?p=4528"},"modified":"2018-10-02T16:16:31","modified_gmt":"2018-10-02T14:16:31","slug":"vittoria-dello-spagnolo-pablo-guitian-alla-international-finn-cup-trofeo-andrea-menoni","status":"publish","type":"post","link":"https:\/\/tractrac.it\/dev\/vittoria-dello-spagnolo-pablo-guitian-alla-international-finn-cup-trofeo-andrea-menoni\/","title":{"rendered":"Vittoria dello spagnolo Pablo Guiti\u00e0n alla International Finn Cup &#8211; Trofeo Andrea Menoni"},"content":{"rendered":"<p>Si \u00e8 conclusa una bella edizione della classica International Finn Cup Trofeo Andrea Menoni, organizzata dalla Fraglia Vela Malcesine.<\/p>\n<p>La partecipazione \u00e8 stata numerosa, con 47 timonieri provenienti da 12 nazioni, ed il livello tecnico alto, con la presenza di alcuni atleti di livello olimpico e di numerosi Master molto competitivi come il russo Vladimir Krutskikh, due volte campione del mondo Master e campione Europeo in carica.<\/p>\n<p>Tre belle giornate, con Ora leggera per le prime due prove e successivamente tra 12 e 18 nodi, hanno consentito di disputare tutte le sei prove previste del programma, ottimamente gestite dal Comitato di Regata presieduto da Carlo Tosi.<\/p>\n<p>Molto combattuta la lotta per le prime posizioni, risoltasi a favore dello spagnolo Pablo Guitian, molto regolare nei piazzamenti (17-5-1-2-2-2). Al secondo posto il croato Nenad Bugarin (10-8-2-3-1-1) che ha preceduto il russo del Team Fantastica Vladimir Krutskikh (5-7-10-6-3-3), l\u2019estone Deniss Karpak e il giovane ungherese Elemer Haidekker.<\/p>\n<p>A completare i primi 10 si sono piazzati il pluriolimpionico ceco Michael Maier, l\u2019austriaco Florian Raudaschl, il giovane sloveno Jan Orel, e i Master Josif Martin dalla Repubblica Ceca e Michael Gubi dall\u2019Austria.<\/p>\n<p>All\u2019undicesimo posto si \u00e8 piazzato il primo degli italiani, Marco Buglielli (Circolo della Vela di Roma) che si \u00e8 aggiudicato il prestigioso Trofeo Challenge Andrea Menoni, dedicato dal figlio Nicola al padre Andrea, gi\u00e0 finnista, vincitore del Mondiale Master nel 1971 e notissimo tecnico FIV.<\/p>\n<p>Tra gli altri italiani presenti i migliori piazzamenti sono quelli di Walter Riosa al 15\u00b0, Roberto Strappati al 17\u00b0, Nicola Menoni 18\u00b0, Tommaso Ronconi 19\u00b0 e Alberto Romano 20\u00b0. Da segnalare le vittorie parziali di Alberto Romano nella prima prova e di Roberto Strappati nella seconda.<\/p>\n<p>Sono stati premiati anche il primo della categoria Grand Master, il ceco Michael Maier, l\u2019olandese Ian Zetzema vincitore tra i Grand Grand Master (over 60) e il primo Legend, lo svizzero Hans Fatzer.<\/p>\n<p>La premiazione si \u00e8 svolta in una festosa atmosfera e oltre ai premi di classifica sono stati estratti a sorte numerosi premi offerti dal Negri Nautica Store di Torbole, che ha messo in palio mute e prodotti della Zhik, e dalla KevLove Curious Bags di Bogliaco sul Garda che ha offerto i suoi prodotti realizzati con tessuto da vela, tra cui delle belle sacche per il trasporto della attrezzatura da vela e sacche porta documenti.<\/p>\n<p>Il Presidente della Fraglia Vela Malcesine Gianni Testa si \u00e8 congratulato con i partecipanti per la sportivit\u00e0 e la bella atmosfera, portando i saluti di Hans Chiocchetti, finnista del lago di Caldaro che ha ideato questa regata nel 1980.<\/p>\n<p>Novit\u00e0 di questa edizione \u00e8 stata una classifica a squadre di tre Finn, con coefficienti di correzione del punteggio per le varie categorie Master. Ha vinto la squadra austriaca formata da Florian Raudaschl, Michael Gubi e Bernhard Klingler.<\/p>\n<p><a href=\"https:\/\/www.classefinn.it\/wp17\/wp-content\/uploads\/2018\/10\/20180928-30_Malcesine_International_Finn_Cup_Trofeo_Menoni.pdf\" target=\"_blank\" rel=\"noopener noreferrer\"><em><img loading=\"lazy\" decoding=\"async\" class=\"alignnone size-full wp-image-1983\" src=\"http:\/\/www.classefinn.it\/wp17\/wp-content\/uploads\/2017\/04\/link.png\" alt=\"\" width=\"14\" height=\"14\" \/>\u00a0<\/em>Classifica definitiva dopo 6 prove<\/a><\/p>\n<p><a href=\"https:\/\/www.classefinn.it\/wp17\/wp-content\/uploads\/2018\/10\/20180928-30_Malcesine_International_Finn_Cup_Team_Ranking_s.jpg\" target=\"_blank\" rel=\"noopener noreferrer\"><img loading=\"lazy\" decoding=\"async\" class=\"alignnone size-full wp-image-1983\" src=\"http:\/\/www.classefinn.it\/wp17\/wp-content\/uploads\/2017\/04\/link.png\" alt=\"\" width=\"14\" height=\"14\" \/>\u00a0Classifica a Squadre<\/a><\/p>\n<p><a href=\"https:\/\/youtu.be\/dbn196IKR7E\" target=\"_blank\" rel=\"noopener noreferrer\"><img loading=\"lazy\" decoding=\"async\" class=\"alignnone size-full wp-image-1983\" src=\"http:\/\/www.classefinn.it\/wp17\/wp-content\/uploads\/2017\/04\/link.png\" alt=\"\" width=\"14\" height=\"14\" \/>\u00a0Video di sintesi di Ernst Bruns<\/a><\/p>\n<p><a href=\"https:\/\/www.flickr.com\/photos\/fragliavelamalcesine\/albums\/72157671787336697\" target=\"_blank\" rel=\"noopener noreferrer\"><img loading=\"lazy\" decoding=\"async\" class=\"alignnone size-full wp-image-1983\" src=\"http:\/\/www.classefinn.it\/wp17\/wp-content\/uploads\/2017\/04\/link.png\" alt=\"\" width=\"14\" height=\"14\" \/>\u00a0Foto\u00a0di\u00a0Angela Trawoeger &#8211; FVM<\/a><\/p>\n<p><img loading=\"lazy\" decoding=\"async\" class=\"alignnone size-large wp-image-4522\" src=\"https:\/\/www.classefinn.it\/wp17\/wp-content\/uploads\/2018\/10\/20180928_Finn_Cup_Malcesine_PARTENZA_foto_Angela_Trawoeger_s-1024x682.jpg\" alt=\"\" width=\"1024\" height=\"682\" \/><\/p>\n<p><img loading=\"lazy\" decoding=\"async\" class=\"alignnone size-large wp-image-4521\" src=\"https:\/\/www.classefinn.it\/wp17\/wp-content\/uploads\/2018\/10\/20180928_Finn_Cup_Malcesine_PABLO_GUITIAN-1_foto_Angela_Trawoeger_s-1024x682.jpg\" alt=\"\" width=\"1024\" height=\"682\" \/><\/p>\n<p><img loading=\"lazy\" decoding=\"async\" class=\"alignnone size-large wp-image-4523\" src=\"https:\/\/www.classefinn.it\/wp17\/wp-content\/uploads\/2018\/10\/20180928_Finn_Cup_Malcesine_PREMIAZIONE_foto_Ernst_Bruns_s-1024x1011.jpg\" alt=\"\" width=\"1024\" height=\"1011\" \/><\/p>\n<p><img loading=\"lazy\" decoding=\"async\" class=\"alignnone size-large wp-image-4520\" src=\"https:\/\/www.classefinn.it\/wp17\/wp-content\/uploads\/2018\/10\/20180928_Finn_Cup_Malcesine_MARCO_BUGLIELLI_foto_Angela_Trawoeger_s-1024x682.jpg\" alt=\"\" width=\"1024\" height=\"682\" \/><\/p>\n<p><img loading=\"lazy\" decoding=\"async\" class=\"alignnone size-large wp-image-4519\" src=\"https:\/\/www.classefinn.it\/wp17\/wp-content\/uploads\/2018\/10\/20180928_Finn_Cup_Malcesine_ALBERTO_ROMANO-3_foto_Angela_Trawoeger_s-1024x615.jpg\" alt=\"\" width=\"1024\" height=\"615\" \/><\/p>\n<p><img loading=\"lazy\" decoding=\"async\" class=\"alignnone size-large wp-image-4524\" src=\"https:\/\/www.classefinn.it\/wp17\/wp-content\/uploads\/2018\/10\/20180928_Finn_Cup_Malcesine_ROBERTO_STRAPPATI_foto_Angela_Trawoeger_s-1024x684.jpg\" alt=\"\" width=\"1024\" height=\"684\" \/><\/p>\n<p><img loading=\"lazy\" decoding=\"async\" class=\"alignnone size-large wp-image-4525\" src=\"https:\/\/www.classefinn.it\/wp17\/wp-content\/uploads\/2018\/10\/20180930_Finn_Cup_Coppa-1-762x1024.jpg\" alt=\"\" width=\"762\" height=\"1024\" \/><\/p>\n<p><img loading=\"lazy\" decoding=\"async\" class=\"alignnone size-large wp-image-4518\" src=\"https:\/\/www.classefinn.it\/wp17\/wp-content\/uploads\/2018\/10\/20180930_Finn_Cup_Coppa-2-762x1024.jpg\" alt=\"\" width=\"762\" height=\"1024\" \/><\/p>\n","protected":false},"excerpt":{"rendered":"<p>Si \u00e8 conclusa una bella edizione della classica International Finn Cup Trofeo Andrea Menoni, organizzata dalla Fraglia Vela Malcesine. La partecipazione \u00e8 stata numerosa, con 47 timonieri provenienti da 12 nazioni, ed il livello tecnico alto, con la presenza di alcuni atleti di livello olimpico e di numerosi Master molto competitivi come il russo Vladimir [&hellip;]<\/p>\n","protected":false},"author":4,"featured_media":4523,"comment_status":"open","ping_status":"open","sticky":false,"template":"","format":"standard","meta":{"footnotes":""},"categories":[39,22,37,24],"tags":[],"class_list":["post-4528","post","type-post","status-publish","format-standard","has-post-thumbnail","hentry","category-39","category-news","category-primo-piano","category-regate"],"_links":{"self":[{"href":"https:\/\/tractrac.it\/dev\/wp-json\/wp\/v2\/posts\/4528","targetHints":{"allow":["GET"]}}],"collection":[{"href":"https:\/\/tractrac.it\/dev\/wp-json\/wp\/v2\/posts"}],"about":[{"href":"https:\/\/tractrac.it\/dev\/wp-json\/wp\/v2\/types\/post"}],"author":[{"embeddable":true,"href":"https:\/\/tractrac.it\/dev\/wp-json\/wp\/v2\/users\/4"}],"replies":[{"embeddable":true,"href":"https:\/\/tractrac.it\/dev\/wp-json\/wp\/v2\/comments?post=4528"}],"version-history":[{"count":0,"href":"https:\/\/tractrac.it\/dev\/wp-json\/wp\/v2\/posts\/4528\/revisions"}],"wp:featuredmedia":[{"embeddable":true,"href":"https:\/\/tractrac.it\/dev\/wp-json\/"}],"wp:attachment":[{"href":"https:\/\/tractrac.it\/dev\/wp-json\/wp\/v2\/media?parent=4528"}],"wp:term":[{"taxonomy":"category","embeddable":true,"href":"https:\/\/tractrac.it\/dev\/wp-json\/wp\/v2\/categories?post=4528"},{"taxonomy":"post_tag","embeddable":true,"href":"https:\/\/tractrac.it\/dev\/wp-json\/wp\/v2\/tags?post=4528"}],"curies":[{"name":"wp","href":"https:\/\/api.w.org\/{rel}","templated":true}]}}