{"id":4343,"date":"2018-07-30T23:03:51","date_gmt":"2018-07-30T21:03:51","guid":{"rendered":"https:\/\/www.classefinn.it\/?p=4343"},"modified":"2018-07-30T23:03:51","modified_gmt":"2018-07-30T21:03:51","slug":"martin-atzwanger-vince-trofeo-aldo-ferrari-forte-dei-marmi","status":"publish","type":"post","link":"https:\/\/tractrac.it\/dev\/martin-atzwanger-vince-trofeo-aldo-ferrari-forte-dei-marmi\/","title":{"rendered":"Martin Atzwanger vince il Trofeo Aldo Ferrari a Forte dei Marmi"},"content":{"rendered":"<p>Sabato 21 e domenica 22 Luglio si \u00e8 disputato il Trofeo Aldo Ferrari, regata della classe finn valida per il trofeo Interzonale challenge Valentin Mankin, disputato tra la II e la XIV zona. La regata era anche valida, assieme al trofeo Meccheri disputato la settimana precedente, per la classifica del trofeo Finn citt\u00e0 di Forte dei Marmi.<br \/>\nSi \u00e8 regatato solo il sabato con vento inizialmente di 12 nodi da sud che \u00e8 velocemente aumentato regalando uno splendido campo di regata con onda formata, ma che ha costretto il comitato ad una riduzione dell\u2019ultima prova per l\u2019arrivo di un groppo con annessa tromba d\u2019aria. La flotta dei nove finn in gara \u00e8 riuscita a tornare a tera dalla spiaggia dato che davanti al circolo organizzatore, lo Yachting Clun Versilia, \u00e8 presente una zona di acqua profonda fino a riva che ritarda la formazione di frangenti, Nulla per\u00f2 ha potuto con l\u2019onda che \u00e8 aumentata nel corso della notte e che, nonostante gli 8 nodi della domenica, ha impedito ai regatanti di entrare in acqua per completare le cinque regate in programma.<br \/>\nNetto il dominio di Martin Atzwanger che si \u00e8 trovato suo agio in queste condizioni e ha messo a segno tre primi nonostante una partenza anticipata nell\u2019ultima prova che lo ha costretto rientrare e tagliare correttamente la linea di partenza. Seconda posizione per Marco Viti, sempre veloce con il suo Fantastica e terzo, che lo dico a fare.. Franco Dazzi.<br \/>\nMartin vince anche il trofeo Mankin. Il trofeo citt\u00e0 Forte dei Marmi invece va a Italo Bertacca, seguito da Franco Dazzi e da Diego Maltese.<br \/>\nle regate in Versilia proseguono nel prossime settimane, domenica 29 allo YCV e domenica 5 Agosto alla CVFM. Chi volesse partecipare pu\u00f2 contattare sin d\u2019ora le rispettive segreterie.<\/p>\n<p><a href=\"https:\/\/www.classefinn.it\/wp17\/wp-content\/uploads\/2018\/07\/20180722_classifica_Trofeo_Aldo_Ferrari.jpeg\" target=\"_blank\" rel=\"noopener noreferrer\"><em><img loading=\"lazy\" decoding=\"async\" class=\"alignnone size-full wp-image-1983\" src=\"http:\/\/www.classefinn.it\/wp17\/wp-content\/uploads\/2017\/04\/link.png\" alt=\"\" width=\"14\" height=\"14\" \/> <\/em>Classifica\u00a0Trofeo\u00a0Aldo Ferrari<\/a><\/p>\n<p><a href=\"https:\/\/www.classefinn.it\/wp17\/wp-content\/uploads\/2018\/07\/20180722_classifica_Trofeo_Finn_FdM.pdf\" target=\"_blank\" rel=\"noopener noreferrer\"><em><img loading=\"lazy\" decoding=\"async\" class=\"alignnone size-full wp-image-1983\" src=\"http:\/\/www.classefinn.it\/wp17\/wp-content\/uploads\/2017\/04\/link.png\" alt=\"\" width=\"14\" height=\"14\" \/>\u00a0<\/em>Classifica\u00a0Trofeo Forte dei Marmi<\/a><\/p>\n<p><a href=\"https:\/\/www.classefinn.it\/wp17\/wp-content\/uploads\/2018\/07\/20180722_classifica_Trofeo_Mankin.pdf\" target=\"_blank\" rel=\"noopener noreferrer\"><em><img loading=\"lazy\" decoding=\"async\" class=\"alignnone size-full wp-image-1983\" src=\"http:\/\/www.classefinn.it\/wp17\/wp-content\/uploads\/2017\/04\/link.png\" alt=\"\" width=\"14\" height=\"14\" \/>\u00a0<\/em>Classifica\u00a0Trofeo\u00a0Mankin<\/a><\/p>\n<p><img loading=\"lazy\" decoding=\"async\" class=\"alignnone size-full wp-image-4339\" src=\"https:\/\/www.classefinn.it\/wp17\/wp-content\/uploads\/2018\/07\/20180722_Trofeo_Aldo_Ferrari_Podio.jpg\" alt=\"\" width=\"1024\" height=\"768\" \/><\/p>\n<p>&nbsp;<\/p>\n","protected":false},"excerpt":{"rendered":"<p>Sabato 21 e domenica 22 Luglio si \u00e8 disputato il Trofeo Aldo Ferrari, regata della classe finn valida per il trofeo Interzonale challenge Valentin Mankin, disputato tra la II e la XIV zona. La regata era anche valida, assieme al trofeo Meccheri disputato la settimana precedente, per la classifica del trofeo Finn citt\u00e0 di Forte [&hellip;]<\/p>\n","protected":false},"author":4,"featured_media":4339,"comment_status":"open","ping_status":"open","sticky":false,"template":"","format":"standard","meta":{"footnotes":""},"categories":[39,22,24,25],"tags":[],"class_list":["post-4343","post","type-post","status-publish","format-standard","has-post-thumbnail","hentry","category-39","category-news","category-regate","category-trofei-storici-e-zonali"],"_links":{"self":[{"href":"https:\/\/tractrac.it\/dev\/wp-json\/wp\/v2\/posts\/4343","targetHints":{"allow":["GET"]}}],"collection":[{"href":"https:\/\/tractrac.it\/dev\/wp-json\/wp\/v2\/posts"}],"about":[{"href":"https:\/\/tractrac.it\/dev\/wp-json\/wp\/v2\/types\/post"}],"author":[{"embeddable":true,"href":"https:\/\/tractrac.it\/dev\/wp-json\/wp\/v2\/users\/4"}],"replies":[{"embeddable":true,"href":"https:\/\/tractrac.it\/dev\/wp-json\/wp\/v2\/comments?post=4343"}],"version-history":[{"count":0,"href":"https:\/\/tractrac.it\/dev\/wp-json\/wp\/v2\/posts\/4343\/revisions"}],"wp:featuredmedia":[{"embeddable":true,"href":"https:\/\/tractrac.it\/dev\/wp-json\/"}],"wp:attachment":[{"href":"https:\/\/tractrac.it\/dev\/wp-json\/wp\/v2\/media?parent=4343"}],"wp:term":[{"taxonomy":"category","embeddable":true,"href":"https:\/\/tractrac.it\/dev\/wp-json\/wp\/v2\/categories?post=4343"},{"taxonomy":"post_tag","embeddable":true,"href":"https:\/\/tractrac.it\/dev\/wp-json\/wp\/v2\/tags?post=4343"}],"curies":[{"name":"wp","href":"https:\/\/api.w.org\/{rel}","templated":true}]}}