{"id":4145,"date":"2018-05-09T15:17:24","date_gmt":"2018-05-09T13:17:24","guid":{"rendered":"https:\/\/www.classefinn.it\/?p=4145"},"modified":"2018-05-09T15:17:24","modified_gmt":"2018-05-09T13:17:24","slug":"franco-dazzi-vince-la-zonale-follonica","status":"publish","type":"post","link":"https:\/\/tractrac.it\/dev\/franco-dazzi-vince-la-zonale-follonica\/","title":{"rendered":"Franco Dazzi vince la zonale di Follonica"},"content":{"rendered":"<p>&nbsp;<\/p>\n<p>A Follonica il Legend Franco Dazzi ITA 9 trova le sue condizioni ideali e mette in riga la &#8220;folta flotta&#8221; di otto finnetti venuti da&#8230; ogni parte d&#8217;Italia alla prima del Campionato zonale della seconda zona.<br \/>\nCielo grigio, mare calmo e vento da tre a cinque nodi sei sulla raffica che ruota a destra ma con improvvisi ed imprevedibili smancinamenti. <!--more--><br \/>\nLa prima regata infatti viene ridotta per un salto a sinistra e il Mago (del luogo) Merlino arriva primo di poco su Michele Tognozzi che l&#8217;anno passato aveva letterelmamente umiliato la flotta con due secchi primi su due regate vinte con distacco e con un p\u00f2 (parecchio) pi\u00f9 di vento. Terzo ITA 9, che alla seconda regata indovina, gi\u00e0 dalla partenza in barca comitato, il lato destro favorito non solo da una repentina rotazione di oltre 26\u00b0 32&#8242; 4&#8243;, ma anche da una maggiore pressione assolutamente &#8220;personale&#8221;.<br \/>\nIl Legend acquisisce subito un vantaggio incolmabile che manterr\u00e0 sino al termine. Secondo Michele e terzo Diego ITA 10. Questa volta il Mago di Follonica resta indietro e il sesto all&#8217;arrivo gli coster\u00e0 il primo posto in classifica generale.<br \/>\nGi\u00e0 perch\u00e8 nella terza regata con un bordo a destra alla morte recupera ben sei posizioni e taglia il traguardo ancora per primo, ma inutile ai fini della prima posizione over all in quanto ITA9, in questa regata, conquista la seconda posizione e, con un terzo un primo ed un secondo, la testa della classifica generale. Secondo in generale Michele Tognozzi.<br \/>\nOttime le penne al pomodoro, l&#8217;organizzazione, l&#8217;ospitalit\u00e0 ed il vino, che ci ha fatto dimenticare l&#8217;acqua piovana presente per tutto il resto del pomeriggio. Pregevole il Deca al Rhum al bar del circolo. Buona la logistica e molto accogliente il club che merita senz&#8217;altro una maggiore attenzione da parte della classe.<\/p>\n<p><a href=\"https:\/\/www.classefinn.it\/wp17\/wp-content\/uploads\/2018\/05\/20180506_Classifica_Follonica_Zonale.jpg\" target=\"_blank\" rel=\"noopener noreferrer\"><em><img loading=\"lazy\" decoding=\"async\" class=\"alignnone size-full wp-image-1983\" src=\"http:\/\/www.classefinn.it\/wp17\/wp-content\/uploads\/2017\/04\/link.png\" alt=\"\" width=\"14\" height=\"14\" \/> <\/em>Classifica Zonale Follonica 6 maggio<\/a><\/p>\n<p><img loading=\"lazy\" decoding=\"async\" class=\"alignnone size-full wp-image-4143\" src=\"https:\/\/www.classefinn.it\/wp17\/wp-content\/uploads\/2018\/05\/20180506_Follonica_Zonale_Dazzi_podio.jpg\" alt=\"\" width=\"900\" height=\"675\" \/><\/p>\n<p><img loading=\"lazy\" decoding=\"async\" class=\"alignnone size-full wp-image-4142\" src=\"https:\/\/www.classefinn.it\/wp17\/wp-content\/uploads\/2018\/05\/20180506_Follonica_Zonale_Merlini_podio.jpg\" alt=\"\" width=\"900\" height=\"675\" \/><\/p>\n","protected":false},"excerpt":{"rendered":"<p>&nbsp; A Follonica il Legend Franco Dazzi ITA 9 trova le sue condizioni ideali e mette in riga la &#8220;folta flotta&#8221; di otto finnetti venuti da&#8230; ogni parte d&#8217;Italia alla prima del Campionato zonale della seconda zona. Cielo grigio, mare calmo e vento da tre a cinque nodi sei sulla raffica che ruota a destra [&hellip;]<\/p>\n","protected":false},"author":4,"featured_media":4143,"comment_status":"open","ping_status":"open","sticky":false,"template":"","format":"standard","meta":{"footnotes":""},"categories":[39,22,24,25],"tags":[],"class_list":["post-4145","post","type-post","status-publish","format-standard","has-post-thumbnail","hentry","category-39","category-news","category-regate","category-trofei-storici-e-zonali"],"_links":{"self":[{"href":"https:\/\/tractrac.it\/dev\/wp-json\/wp\/v2\/posts\/4145","targetHints":{"allow":["GET"]}}],"collection":[{"href":"https:\/\/tractrac.it\/dev\/wp-json\/wp\/v2\/posts"}],"about":[{"href":"https:\/\/tractrac.it\/dev\/wp-json\/wp\/v2\/types\/post"}],"author":[{"embeddable":true,"href":"https:\/\/tractrac.it\/dev\/wp-json\/wp\/v2\/users\/4"}],"replies":[{"embeddable":true,"href":"https:\/\/tractrac.it\/dev\/wp-json\/wp\/v2\/comments?post=4145"}],"version-history":[{"count":0,"href":"https:\/\/tractrac.it\/dev\/wp-json\/wp\/v2\/posts\/4145\/revisions"}],"wp:featuredmedia":[{"embeddable":true,"href":"https:\/\/tractrac.it\/dev\/wp-json\/"}],"wp:attachment":[{"href":"https:\/\/tractrac.it\/dev\/wp-json\/wp\/v2\/media?parent=4145"}],"wp:term":[{"taxonomy":"category","embeddable":true,"href":"https:\/\/tractrac.it\/dev\/wp-json\/wp\/v2\/categories?post=4145"},{"taxonomy":"post_tag","embeddable":true,"href":"https:\/\/tractrac.it\/dev\/wp-json\/wp\/v2\/tags?post=4145"}],"curies":[{"name":"wp","href":"https:\/\/api.w.org\/{rel}","templated":true}]}}