{"id":4068,"date":"2017-04-25T03:34:30","date_gmt":"2017-04-25T01:34:30","guid":{"rendered":"http:\/\/www.classefinn.it\/wp17\/?p=527"},"modified":"2017-04-25T03:34:30","modified_gmt":"2017-04-25T01:34:30","slug":"concluso-il-campionato-invernale-di-anzio-con-la-vittoria-di-alessandro-cattaneo","status":"publish","type":"post","link":"https:\/\/tractrac.it\/dev\/concluso-il-campionato-invernale-di-anzio-con-la-vittoria-di-alessandro-cattaneo\/","title":{"rendered":"Concluso il Campionato invernale di Anzio con la vittoria di Alessandro Cattaneo"},"content":{"rendered":"<p>Domenica 5 marzo si \u00e8 concluso il Campionato invernale di Anzio, iniziato a fine ottobre.<\/p>\n<p>Nonostante il tempo non sempre clemente si sono disputate 14 prove, con la partecipazione di 28 Finn <!--more-->e condizioni molto varie.<\/p>\n<p>La vittoria finale \u00e8 andata con merito allo &#8220;straniero&#8221; Alessandro Cattaneo, al comando sin dal primo fine settimana e che ha portato a casa ben sei primi posti.<\/p>\n<p>Al secondo e terzo posto, a pari punti, rispettivamente Francesco Cinque e Marco Buglielli, entrambi piuttosto alterni nelle prestazioni. Al quarto posto Enrico Passoni, che ha saltato le prime quattro prove ma che quando \u00e8 stato presente ha inanellato una impressionante serie di primi e secondi posti.<\/p>\n<p>Nell&#8217;ultimo fine settimana in coincidenza con le ultime giornate dell&#8217;invernale era in programma la prima regata zonale del 2017. Il sabato una forte sciroccata ha costretto il Comitato di Regata ad annullare le prove, ma la domenica dopo una forte pioggia mattutina \u00e8 spuntato il sole ed \u00e8 entrato un bel maestrale, che dai 18 nodi iniziale \u00e8 calato alla fine intorno ai 10 nodi, \u00a0e onda formata e piuttosto confusa. Le due prove disputate sono state vinte rispettamente da Alessandro Cattaneo e Federico Colaninno, ed \u00e8 stato quest&#8217;ultimo ad aggiudicarsi la zonale (3-1) davanti a Enrico Passoni \u00a0(5-2), Alessandro Cattaneo (1-7) e Emanuele Vaccari, rientrato dopo oltre un anno di assenza con il mitico Vanguard del 1983 ITA 727.<\/p>\n<p>La flotta di Anzio si sposta adesso in massa ad Ostia per il CICO e si prepara ad ospitare la prima tappa di Coppa Italia nei giorni 1 e 2 aprile.<\/p>\n<p>Classifica finale<\/p>\n<p>&nbsp;<\/p>\n","protected":false},"excerpt":{"rendered":"<p>Domenica 5 marzo si \u00e8 concluso il Campionato invernale di Anzio, iniziato a fine ottobre. Nonostante il tempo non sempre clemente si sono disputate 14 prove, con la partecipazione di 28 Finn<\/p>\n","protected":false},"author":3,"featured_media":1149,"comment_status":"open","ping_status":"open","sticky":false,"template":"","format":"standard","meta":{"footnotes":""},"categories":[23,22,25],"tags":[],"class_list":["post-4068","post","type-post","status-publish","format-standard","has-post-thumbnail","hentry","category-23","category-news","category-trofei-storici-e-zonali"],"_links":{"self":[{"href":"https:\/\/tractrac.it\/dev\/wp-json\/wp\/v2\/posts\/4068","targetHints":{"allow":["GET"]}}],"collection":[{"href":"https:\/\/tractrac.it\/dev\/wp-json\/wp\/v2\/posts"}],"about":[{"href":"https:\/\/tractrac.it\/dev\/wp-json\/wp\/v2\/types\/post"}],"author":[{"embeddable":true,"href":"https:\/\/tractrac.it\/dev\/wp-json\/wp\/v2\/users\/3"}],"replies":[{"embeddable":true,"href":"https:\/\/tractrac.it\/dev\/wp-json\/wp\/v2\/comments?post=4068"}],"version-history":[{"count":0,"href":"https:\/\/tractrac.it\/dev\/wp-json\/wp\/v2\/posts\/4068\/revisions"}],"wp:featuredmedia":[{"embeddable":true,"href":"https:\/\/tractrac.it\/dev\/wp-json\/"}],"wp:attachment":[{"href":"https:\/\/tractrac.it\/dev\/wp-json\/wp\/v2\/media?parent=4068"}],"wp:term":[{"taxonomy":"category","embeddable":true,"href":"https:\/\/tractrac.it\/dev\/wp-json\/wp\/v2\/categories?post=4068"},{"taxonomy":"post_tag","embeddable":true,"href":"https:\/\/tractrac.it\/dev\/wp-json\/wp\/v2\/tags?post=4068"}],"curies":[{"name":"wp","href":"https:\/\/api.w.org\/{rel}","templated":true}]}}