{"id":4067,"date":"2015-04-20T10:30:45","date_gmt":"2015-04-20T08:30:45","guid":{"rendered":"https:\/\/www.classefinn.it\/?p=4067"},"modified":"2015-04-20T10:30:45","modified_gmt":"2015-04-20T08:30:45","slug":"archivio-notizie-2014","status":"publish","type":"post","link":"https:\/\/tractrac.it\/dev\/archivio-notizie-2014\/","title":{"rendered":"Archivio notizie 2014"},"content":{"rendered":"<table width=\"100%\" cellspacing=\"0\" cellpadding=\"2\">\n<tbody>\n<tr valign=\"TOP\">\n<td colspan=\"4\" width=\"66%\">\n<ul>\n<li>\n<p align=\"LEFT\"><span style=\"color: #ff0000; font-family: Arial; font-size: small;\">18-11-2014 &#8211;<\/span><span style=\"color: #0000ff; font-family: Arial; font-size: small;\">\u00a0<b>Torre del Lago<\/b>, 16 novembre<br \/>\nLa classe Finn si \u00e8 incontrata lo scorso fine settimana a Torre del Lago per la regata di fine stagione organizzata dal\u00a0<b>Circolo Velico Torre del Lago Puccini<\/b>.<br \/>\nNonostante il tempo poco promettente e le forti piogge che hanno flagellato il Nord Italia si sono disputate tutte le cinque prove in programma, anche se con una partecipazione ridotta per le difficolt\u00e0 di spostamento.<br \/>\nIl primo giorno il vento ha soffiato dai 20 ai 25 nodi e solo i pi\u00f9 intraprendenti sono scesi in acqua per disputare due prove e si sono verificate diverse scuffie. La domenica invece il vento dai 10 ai 13 nodi ha consentito tre belle prove.<br \/>\nVittoria finale di\u00a0<b>Walter Riosa<\/b>\u00a0(S.C. Ausonia Grado), che ha dominato il primo giorno e poi controllato il secondo. Al secondo posto il giovane\u00a0<b>Matteo Savio<\/b>\u00a0(C.V. Muggia), vincitore di due prove, e al terzo suo fratello\u00a0<b>Andrea Savio<\/b>, da poco sul Finn ma gi\u00e0 veloce.<br \/>\nMa il vero momento di interesse per questo fine settimana era costituito dall\u2019assemblea di classe e poi dalla premiazione della\u00a0<b>Coppa Italia 2014<\/b>.<br \/>\nNel corso dell\u2019assemblea il\u00a0<b>Segretario Francesco Faggiani<\/b>\u00a0ha confermato il buon stato della classe Finn in Italia ed in particolare ha illustrato le attivit\u00e0 promozionali in atto per avvicinare i giovani al Finn. Quest\u2019anno infatti \u00e8 stato organizzato a Torbole un raduno in cui cinque ragazzi sono stati invitati per conoscere e provare la barca, sotto la guida dell\u2019allenatore\u00a0<b>Francesco \u201cCiccio\u201d Lubrano<\/b>.<br \/>\nPer il 2015 sono in programma altri raduni in occasione delle regate di Coppa Italia e si organizzer\u00e0 una squadra per la partecipazione alla\u00a0<b>Silver Cup<\/b>\u00a0di Valencia.<br \/>\nLa discussione su questi argomenti e sulla definizione del calendario di regate del 2015 \u00e8 stata ampia e ricca di spunti, che il\u00a0<b>Segretario<\/b>\u00a0elaborer\u00e0 insieme ai\u00a0<b>Delegati delle Zone<\/b>.<br \/>\nLa sera del sabato, nel corso della conviviale cena di classe, si \u00e8 poi celebrata la premiazione della\u00a0<b>Coppa Italia Finn 2014<\/b>.<br \/>\nCome al solito gli sponsor che supportano la Coppa Italia sono stati generosi e hanno fornito molti premi che sono stati consegnati ai primi dieci in classifica e anche ad estrazione.<br \/>\nIl vincitore della Coppa Italia \u00e8 stato, per il secondo anno consecutivo, il romano\u00a0<b>Enrico Passoni<\/b>\u00a0(Lega Navale Anzio) , che ha preceduto di un solo punto lo Junior triestino\u00a0<b>Matteo Savio<\/b>\u00a0(C.V.Muggia). Al terzo posto si \u00e8 piazzato\u00a0<b>Giacomo Giovanelli<\/b>\u00a0di Fano (C.V. Sassonia), che ha preceduto il romano\u00a0<b>Marco Buglielli<\/b>\u00a0(C.V. Roma) e\u00a0<b>Franco Martinelli<\/b>\u00a0(C.C. Tevere Remo).<br \/>\nEd \u00e8 stato il giovane\u00a0<b>Matteo Savio<\/b>\u00a0ad aggiudicarsi anche la vela messa in palio ad estrazione dalla veleria\u00a0<b>3FL<\/b>\u00a0di Francesco Cruciani.<br \/>\nIl pool di sponsor \u00e8 composto da: Grappa Bertagnolli, HitechSailing.com, 3FL Saildesign, Quantum Sail Design, Gill-Tomasoni Fittings, Bertacca Sail Equipment, Essemarine, Residence Ca\u2019 del Lago, Azienda agricola Valpanera, Piccolo Hotel Malcesine e KevLove Borse da vela.<br \/>\n<b><a href=\"http:\/\/www.classefinn.it\/vecchiosito\/classif2014\/20141116_Classifica_TorreDelLago_Finn.pdf\" target=\"_blank\" rel=\"noopener noreferrer\">Classifica Regata d&#8217;autunno<\/a><\/b><\/span><\/p>\n<\/li>\n<li>\n<p align=\"LEFT\"><b><\/b><span style=\"color: #ff0000; font-family: Arial; font-size: small;\">04-11-2014 &#8211;<\/span><span style=\"color: #0000ff; font-family: Arial; font-size: small;\">\u00a0Quattro belle prove sabato e domenica ad\u00a0<b>Anzio<\/b>\u00a0per la\u00a0<b>Coppa d\u2019Autunno<\/b>\u00a0regata d\u00ec avvio del\u00a0<b>Campionato Invernale derive 2014\/15<\/b>\u00a0organizzato dalla\u00a0<b>LNI Anzio<\/b>\u00a0in collaborazione con\u00a0<b>RCCTR<\/b>\u00a0e\u00a0<b>CVR<\/b>.<br \/>\nI dettagli dell&#8217;evento alla pagina dedicata alla attivit\u00e0 zonale :\u00a0<a href=\"http:\/\/www.classefinn.it\/vecchiosito\/zone.htm\"><b>qui<\/b><\/a><\/span><\/p>\n<\/li>\n<li>\n<p align=\"LEFT\"><b><\/b><span style=\"color: #ff0000; font-family: Arial; font-size: small;\">13-10-2014 &#8211;\u00a0<\/span><span style=\"color: #0000ff; font-family: Arial; font-size: small;\"><b>Assemblea di classe 2014 e premiazione Coppa Italia 2014.<\/b>\u00a0Il giorno 15 novembre si terr\u00e0 l&#8217;annuale assemblea di classe. La riunione \u00e8 organizzata in occasione della\u00a0<b>&#8220;Regata d&#8217;autunno&#8221;<\/b>, presso il\u00a0<b>CV Torre del Lago Puccini<\/b>, in programma dal\u00a0<b>15 al 16 novembre<\/b>. In occasione della cena del sabato sera, si celebrer\u00e0 la premiazione della Coppa Italia 2014.<\/span><\/p>\n<\/li>\n<li>\n<p align=\"LEFT\"><span style=\"color: #ff0000; font-family: Arial; font-size: small;\">06-10-2014 &#8211;<\/span><span style=\"color: #0000ff; font-family: Arial; font-size: small;\">\u00a0<b>Malcesine<\/b>, 5 ottobre \u2013 La tappa conclusiva della\u00a0<b>Coppa Italia Finn 2014<\/b>\u00a0si \u00e8 disputata in occasione della\u00a0<b>International Finn Cup \u2013 Trofeo Andrea Menoni<\/b>, classica regata organizzata dalla<b>Fraglia Vela Malcesine<\/b>.<br \/>\nSplendide le condizioni incontrate dai 47 Finn partecipanti provenienti da 9 nazioni, che nei tre giorni di regata hanno disputato tutte le prove previste con vento compreso tra gli 8 e i 14 nodi.<br \/>\nIl primo giorno si sono disputate tre impegnative prove con una bella Ora, con pompaggio libero in quasi tutte le poppe.\u00a0<b>Giorgio Poggi<\/b>\u00a0ha iniziato con il piede giusto con due primi ed un terzo posto, mentre<b>Enrico Voltolini<\/b>\u00a0ha vinto la seconda prova. Anche il secondo giorno Poggi e Voltolini, entrambi della\u00a0<b>Sezione Velica della Guardia di Finanza<\/b>, hanno dominato dividendosi la prima e la seconda piazza nelle due prove disputate. L\u2019ultimo giorno si \u00e8 corsa una prova con il vento da Nord del mattino di circa 8 nodi, vinta ancora da Giorgio Poggi davanti a Voltolini.<br \/>\nLa vittoria finale \u00e8 andata quindi a\u00a0<b>Giorgio Poggi<\/b>, che con quattro primi posti ha dominato l\u2019evento, davanti a\u00a0<b>Enrico Voltolini<\/b>\u00a0che \u00e8 stato il solo a metterlo in difficolt\u00e0 vincendo due prove. Al terzo posto si \u00e8 piazzato il russo\u00a0<b>Vladimir Krutskikh<\/b>, allenatore del team\u00a0<b>Fantastica<\/b>\u00a0di Lanfranco Cirillo, gi\u00e0 Olimpionico in Finn ad Atene nel 2004. Seguono al quarto posto l\u2019austriaco\u00a0<b>Florian Raudaschl<\/b>, al quinto lo svizzero<b>Christoph Burger<\/b>, mantre al settimo posto troviamo il pluri campione del mondo Master, il ceco\u00a0<b>Michael Maier<\/b>. Terzo degli italiani \u00e8 stato il romano\u00a0<b>Enrico Passoni<\/b>\u00a0della\u00a0<b>Lega Navale Italiana di Anzio<\/b>\u00a0che con questo risultato si \u00e8 aggiudicato per il secondo anno consecutivo la\u00a0<b>Coppa Italia Finn 2014<\/b>.<br \/>\nA Giorgio Poggi \u00e8 stato anche assegnato il\u00a0<b>XI Trofeo Andrea Menoni<\/b>, dedicato dal figlio Nicola al padre, il tecnico FIV Andrea Menoni. Alla premiazione ha partecipato anche\u00a0<b>Michele Marchesini<\/b>, Direttore Tecnico delle Squadre Nazionali ed ex finnista.<br \/>\nSono poi stati estratti i premi offerti dal\u00a0<b>Piccolo Hotel<\/b>\u00a0di Malcesine e dalla\u00a0<b>KevLove<\/b>\u00a0di Gargnano, che ha anche offerto a tutti i concorrenti delle comode sacche realizzate con tessuto da vela.<br \/>\nUno splendido video della quarta prova, realizzato dall&#8217;amico Ernst H. Bruns, con un grande duello di free pumping tra Enrico Voltolini e Giorgio Poggi \u00e8 disponibile\u00a0<a href=\"http:\/\/youtu.be\/WXpt9dXP6SU\" target=\"_blank\" rel=\"noopener noreferrer\"><b>qui<\/b><\/a>.<br \/>\n<a href=\"http:\/\/www.classefinn.it\/vecchiosito\/classif2014\/Classifica_Finn_Cup_Malcesine_2014.pdf\" target=\"_blank\" rel=\"noopener noreferrer\"><b>Classifica International Finn Cup \u2013 Trofeo Andrea Menoni<\/b><\/a>.<\/span><\/p>\n<\/li>\n<li>\n<p align=\"LEFT\">02-09-2014 &#8211;<span style=\"color: #0000ff; font-family: Arial; font-size: small;\">\u00a0Fine della pausa estiva&#8230;.<\/span><\/p>\n<p align=\"LEFT\"><span style=\"color: #0000ff; font-family: Arial; font-size: small;\"> Riprendiamo con gli amici Svizzeri che ci invitano al loro campionato che si svolger\u00e0 a\u00a0<b>Port Camargue<\/b>\u00a0vicino a Marsiglia, dal\u00a0<b>14 al 17 Settembre<\/b>, chi fosse interessato pu\u00f2 trovare\u00a0<a href=\"http:\/\/finn2014cs.jimdo.com\/\" target=\"_blank\" rel=\"noopener noreferrer\"><b>qui\u00a0<\/b><\/a>bando e informazioni.<br \/>\nIn merito ai trofei estivi, per il momento pubblichiamo la classifica del\u00a0<b>Trofeo Lilia<\/b>, invitando gli organizzatori degli altri eventi a darci notizie in merito.<br \/>\nPer i finnisti della\u00a0<b>IV Zona<\/b>\u00a0ricordiamo che il\u00a0<b>7 Settembre<\/b>\u00a0si terr\u00e0 la prima parte della regata\u00a0<b>Settembre sul Lago<\/b>.<br \/>\n<a href=\"http:\/\/www.classefinn.it\/vecchiosito\/classif2014\/classificatrofeolillia2014.pdf\" target=\"_blank\" rel=\"noopener noreferrer\"><b>classifica trofeo Lilia\u00a0<\/b><\/a>.<\/span><\/p>\n<\/li>\n<li>\n<p align=\"LEFT\"><span style=\"color: #ff0000; font-family: Arial; font-size: small;\">14-07-2014 &#8211;<\/span><span style=\"color: #0000ff; font-family: Arial; font-size: small;\">\u00a0Si \u00e8 conclusa a Hoorn (Olanda) la\u00a0<b>Silver Cup<\/b>, il Campionato del Mondo per la categoria Juniores.<\/span><\/p>\n<p align=\"LEFT\"><span style=\"color: #0000ff; font-family: Arial; font-size: small;\"> Purtroppo il meteo non favorevole non ha consentito di disputare regate negli ultimi tre giorni ed il Campionato si \u00e8 chiuso con sole cinque prove.<br \/>\nLa vittoria \u00e8 andata al norvegese\u00a0<b>Anders Pedersen<\/b>\u00a0che lascia la categoria juniores con le migliori credenziali, secondo il russo\u00a0<b>Arkadiy Kistanov<\/b>, terzo il croato\u00a0<b>Nened Bugarin<\/b>. Bene il nostro\u00a0<b>Riccardo Bevilacqua<\/b>\u00a0del team\u00a0<b>Fantastica<\/b>, che si piazza al 15\u00b0 posto con un ottimo 6\u00b0 di giornata.<br \/>\nGli altri italiani presenti\u00a0<b>Matteo Savio<\/b>\u00a021\u00b0 e 32\u00b0\u00a0<b>Leopold Starke<\/b>. Sono tutti molto giovani ed in costante miglioramento e nei prossimi anni faranno sicuramente vedere il loro valore.<br \/>\nDa segnalare che per la prima volta i giovani italiani hanno avuto il supporto di un allenatore della Classe, nella persona di\u00a0<b>Francesco Lubrano<\/b>, che aveva gi\u00e0 condotto un raduno a Torbole dove hanno avuto l&#8217;opportunit\u00e0 di provare il Finn e di avvicinarsi alla classe alcuni forti giovani laseristi.<br \/>\nPer chi si fosse perso la mailing list di Robert Deaves, i report delle giornate di regata sono disponibili sul\u00a0<a href=\"http:\/\/www.finnclass.org\/\" target=\"_blank\" rel=\"noopener noreferrer\">sito<\/a>\u00a0della classe internazionale.<\/span><\/p>\n<\/li>\n<li>\n<p align=\"LEFT\"><span style=\"color: #ff0000; font-family: Arial; font-size: small;\">14-07-2014 &#8211;<\/span><span style=\"color: #0000ff; font-family: Arial; font-size: small;\">\u00a0Si \u00e8 conclusa a\u00a0<b>Hoorn<\/b>\u00a0(Olanda) la\u00a0<b>Silver Cup<\/b>, il Campionato del Mondo per la categoria Juniores. Purtroppo il meteo non favorevole non ha consentito di disputare regate negli ultimi tre giorni ed il Campionato si \u00e8 chiuso con sole cinque prove.<br \/>\nLa vittoria \u00e8 andata al norvegese\u00a0<b>Anders Pedersen<\/b>\u00a0che lascia la categoria juniores con le migliori credenziali, secondo il russo\u00a0<b>Arkadiy Kistanov<\/b>, terzo il croato\u00a0<b>Nened Bugarin<\/b>.<br \/>\nBene il nostro\u00a0<b>Riccardo Bevilacqua<\/b>\u00a0del team Fantastica, che si piazza al 15\u00b0 posto con un ottimo 6\u00b0 di giornata. Gli altri italiani presenti\u00a0<b>Matteo Savio<\/b>\u00a021\u00b0 e 32\u00b0\u00a0<b>Leopold Starke<\/b>. Sono tutti molto giovani ed in costante miglioramento e nei prossimi anni faranno sicuramente vedere il loro valore.<br \/>\nDa segnalare che per la prima volta i giovani italiani hanno avuto il supporto di un allenatore della Classe, nella persona di\u00a0<b>Francesco Lubrano<\/b>, che aveva gi\u00e0 condotto un raduno a Torbole dove hanno avuto l&#8217;opportunit\u00e0 di provare il Finn e di avvicinarsi alla classe alcuni forti giovani laseristi.<\/span><\/p>\n<\/li>\n<li>\n<p align=\"LEFT\"><span style=\"color: #ff0000; font-family: Arial; font-size: small;\">05-07-2014 &#8211;<\/span><span style=\"color: #0000ff; font-family: Arial; font-size: small;\">\u00a0Inizia oggi la\u00a0<b>SIlver Cup 2014<\/b>, Campionato del Mondo Juniores Finn, si disputa ad\u00a0<b>Hoorn<\/b>, in Olanda. La rappresentanza italiana \u00e8 di &#8220;ben&#8221; tre ragazzi: (<i>in ordine alfabetico<\/i>)\u00a0<b>Riccardo Bevilacqua<\/b>(Team Fantastica),\u00a0<b>Matteo Savio<\/b>\u00a0(CDV Muggia) e\u00a0<b>Leopold Starke<\/b>\u00a0(Lago di Caldaro). Sono seguiti (<i>oltre che dal coachFantastica e dalla famiglia Savio<\/i>) dal Coach di classe\u00a0<b>Francesco Lubrano<\/b>.<\/span><\/p>\n<\/li>\n<li>\n<p align=\"LEFT\"><span style=\"color: #ff0000; font-family: Arial; font-size: small;\">25-06-2014 &#8211;\u00a0<\/span><span style=\"color: #0000ff; font-family: Arial; font-size: small;\"><b>Porto San Giorgio, 22 giugno<\/b>\u00a0\u2013 Grande fine settimana di vela a Porto San Giorgio per la quarta tappa della\u00a0<b>Coppa Italia Finn<\/b>\u00a0organizzata dalla locale sezione della\u00a0<b>Lega Navale Italiana<\/b>.<\/span><\/p>\n<p align=\"LEFT\"><span style=\"color: #0000ff; font-family: Arial; font-size: small;\"> 27 Finn si sono affrontati in due splendide giornate in cui il vento ha soffiato dai quadranti meridionali con intensit\u00e0 da 10 a 13 nodi, con onda incrociata il primo giorno e mare calmo il secondo.<br \/>\nNettissimo il dominio del romano\u00a0<b>Enrico Passoni<\/b>\u00a0(Lega Navale Anzio) che si \u00e8 presentato a questo appuntamento in grandissima forma e ha sbaragliato la concorrenza con quattro primi posti e scartando un terzo. Ottimo secondo posto per il giovanissimo triestino\u00a0<b>Matteo Savio\u00a0<\/b>(Circolo Vela Muggia, 3-3-2-2-2) che, non ancora diciottenne, continua a mostrare rapidissimi progressi. Matteo si \u00e8 anche aggiudicato il premio per il primo posto nella categoria Juniores. Sul terzo gradino del podio sale\u00a0<b>Giacomo Giovanelli<\/b>\u00a0(2-5-7-6-4, C.V. Sassonia di F ano) precedendo\u00a0<b>Franco Martinelli<\/b>, vincitore dell\u2019ultima prova, e\u00a0<b>Marco Buglielli<\/b>\u00a0del Circolo della Vela di Roma.<br \/>\nSi aggiudica il premio per la categoria Grand Grand Master (over 60) il locale\u00a0<b>Norberto Felici<\/b>, giunto al decimo posto della classifica assoluta.<br \/>\nDi piena soddisfazione per tutti i regatanti il lavoro del Comitato di Regata presieduto da Riccardo Maurizi e eccellente l\u2019organizzazione e l\u2019ospitalit\u00e0 della Lega Navale di Porto San Giorgio, che ha saputo interpretare anche l\u2019anima conviviale della classe Finn offrendo un\u2019ottima ed abbondante cena nella splendida cornice della sua Sede.<br \/>\nNel corso della premiazione il Presidente della Lega Navale di Porto San Giorgio Carlo Iommi ha ringraziato la classe per la buona partecipazione si \u00e8 augurato di ospitare ancora i Finn nei prossimi anni.<br \/>\nL\u2019appuntamento finale della Coppa Italia Finn \u00e8 previsto dopo la pausa estiva in occasione della\u00a0<b>International Finn Cup \u2013 Trofeo Andrea Menoni<\/b>\u00a0a Malcesine sul lago di Garda dal\u00a0<b>3 al 5 ottobre<\/b>.<br \/>\nLa Coppa Italia Finn \u00e8 supportata da un pool di sponsor che offrono i premi per la ricca premiazione finale: Grappa Bertagnolli, HitechSailing.com, 3FL Saildesign, Quantum Sail Design, Gill-Tomasoni Fittings, Bertacca Sail Equipment, Essemarine, Residence Ca\u2019 del Lago, Azienda agricola Valpanera, Piccolo Hotel Malcesine e KevLove Borse da vela.<br \/>\nIl video di sintesi della regata di H. Bruns \u00e8 disponibile\u00a0<a href=\"http:\/\/www.youtube.com\/watch?v=9v3y9rIWTUM&amp;authuser=0\" target=\"_blank\" rel=\"noopener noreferrer\"><b>qui<\/b><br \/>\n<\/a><a href=\"http:\/\/www.classefinn.it\/vecchiosito\/classif2014\/20140622_classifica_porto_san_giorgio.pdf\" target=\"_blank\" rel=\"noopener noreferrer\"><b>Classifica Porto San Giorgio<\/b><\/a><\/span><\/p>\n<p align=\"LEFT\"><span style=\"color: #ff0000; font-family: Arial; font-size: small;\">23-06-2014 &#8211;\u00a0<\/span><span style=\"color: #0000ff; font-family: Arial; font-size: small;\">Lotta dura per la classifica di Coppa Italia 2014! Dopo le quattro tappe di Livorno, Anzio, Caldaro e Porto San Giorgio, i primi tre sono in tre punti&#8230;<br \/>\n<b><a href=\"http:\/\/www.classefinn.it\/vecchiosito\/classif2014\/Coppa-Italia-provvisoria-2014.html\" target=\"_blank\" rel=\"noopener noreferrer\">Classifica aggiornata<\/a><\/b><\/span><\/p>\n<\/li>\n<li>\n<p align=\"LEFT\"><b><\/b><span style=\"color: #ff0000; font-family: Arial; font-size: small;\">16-06-2014 &#8211;\u00a0<\/span><span style=\"color: #0000ff; font-family: Arial; font-size: small;\">Dal 6 al 13 giugno si \u00e8 svolto a\u00a0<b>Sopot<\/b>\u00a0(Polonia) il\u00a0<b>Finn World Master 2014<\/b>.<br \/>\n235 i Finn partecipanti da 25 nazioni, divisi in due flotte che hanno regatato sul percorso a trapezio, con partenze quindi da quasi 120 barche per flotta.<br \/>\nI primi tre giorni il vento \u00e8 stato molto leggero, con solo due prove disputate ed un terza completata solo per una flotta. Come da previsioni nei due giorni finali il vento \u00e8 poi arrivato in abbondanza, soffiando dai 16 ai 24-25 nodi quindi ben oltre il limite della classe Master di 20 nodi.<br \/>\nVittoria finale del solito ceco\u00a0<b>Michael Maier<\/b>, che conquista cos\u00ec il suo sesto titolo Master, un record.<br \/>\nMaier se la \u00e8 dovuta vedere ancora una volta col tedesco\u00a0<b>Andre Budzien<\/b>\u00a0(molto dimagrito ma sempre fortissimo) che era in testa fino alla Medal Race. Al terzo posto il russo\u00a0<b>Aleksadr Kuliukin<\/b>\u00a0ed al quarto il nostro\u00a0<b>Walter Riosa<\/b>, che ha ottenuto ottimi piazzamenti sia con vento leggero che forte ed ha corso una splendida Medal Race in cui si \u00e8 piazzato al secondo posto. Walter \u00e8 arrivato anche\u00a0<b>secondo<\/b>\u00a0nella categoria\u00a0<b>Master.<\/b><br \/>\nWalter aveva lasciato le regate in Finn dopo la vittoria del Campionato Italiano a Marsala nel 2005 e pur essendo rimasto vicinissimo al Finn (\u00e8 lui il costruttore dei Finn\u00a0<b>HiTechSailing<\/b>) ha ripreso a regatare lo scorso novembre al Trofeo Bertacca.<br \/>\nSecondo degli italiani\u00a0<b>Marco Buglielli<\/b>\u00a0che dopo un inizio col botto (due secondi posti nelle prime due prove) ha ceduto col vento forte per scendere fino al 24mo finale. Al 78mo posto\u00a0<b>Paolo Cisbani<\/b>, condito da un ottimo nono nell&#8217;ultima prova, all&#8217;88mo\u00a0<b>Lanfranco Cirillo<\/b>\u00a0in costante miglioramento e con due buoni piazzamenti sia con vento leggero che forte. Chiude la piccola ma tenace pattuglia italiana\u00a0<b>Antonio Pitini<\/b>, troppo aggressivo in partenza con due bandiere nere che lo fanno scivolare al 169mo posto.<br \/>\nOttima l&#8217;ospitalit\u00e0 e l&#8217;organizzazione polacca, splendida e piacevole la cittadina di Sopot.<br \/>\nNel corso dell&#8217;assemblea dei Master \u00e8 stata votata Torbole come sede del Finn World Master 2016, prepariamoci quindi ad un anno incredibile, con anche la Finn Gold Cup a Gaeta.<br \/>\n<a href=\"http:\/\/www.classefinn.it\/vecchiosito\/classif2014\/2014_FinnWorldMaster_Finale.pdf\" target=\"_blank\" rel=\"noopener noreferrer\">Classifica Finn World Master 2014<\/a><\/span><\/p>\n<\/li>\n<li>\n<p align=\"LEFT\"><span style=\"color: #ff0000; font-family: Arial; font-size: small;\">02-06-2014 &#8211;\u00a0<\/span><span style=\"color: #0000ff; font-family: Arial; font-size: small;\">Pubblichiamo la classifica del Campionato Italiano Master.\u00a0<b><a href=\"http:\/\/www.classefinn.it\/vecchiosito\/classif2014\/Classifica_Master_FINN_2014Castiglione.pdf\" target=\"_blank\" rel=\"noopener noreferrer\">Classifica<\/a><\/b><\/span><\/p>\n<\/li>\n<li>\n<p align=\"LEFT\"><b><\/b><span style=\"color: #ff0000; font-family: Arial; font-size: small;\">27-05-2014 &#8211;\u00a0<\/span><b><span style=\"color: #0000ff; font-family: Arial; font-size: small;\">Nicola Menoni si aggiudica il Campionato Nazionale Master dei Finn &#8211; Primo nella regata Open il russo Felix Denikaev<br \/>\n<\/span><\/b><span style=\"color: #0000ff; font-family: Arial; font-size: small;\"><b>Castiglione della Pescaia, 25 maggio<\/b>\u00a0\u2013 Il C<b>lub Velico Castiglione della Pescaia<\/b>\u00a0ha organizzato dal 23 al 25 maggio il\u00a0<b>Campionato Nazionale Master della classe Finn.\u00a0<\/b>41 Finn provenienti da tutta\u00a0<b>Italia<\/b>,\u00a0<b>Austria<\/b>\u00a0e\u00a0<b>Russia<\/b>\u00a0si sono affrontati in tre splendide giornate ed hanno dato vita ad una competizione accesa e incerta fino all\u2019ultimo. La prima giornata di regate un leggero vento da Sud con onda di scaduta, residuo di una perturbazione passata nella notte precedente, ha reso difficile il lavoro del Comitato di Regata, che \u00e8 riuscito a far disputare due prove di cui una ridotta al termine della prima poppa. Nei due giorni successivi Castiglione della Pescaia per\u00f2 ha mostrato il volto per cui questa\u00a0<b>bella localit\u00e0 maremmana<\/b>\u00a0\u00e8 nota e un bel maestrale da 10 a 15 nodi ha soffiato regolare, consentendo di completare il programma con le sette prove previste. Le regate sono state tutte molto combattute, con cinque diversi vincitori nelle sette prove e punteggi alti in qualche manche per quasi tutti i primi in classifica. Il Campionato Open \u00e8 stato vinto dal forte russo\u00a0<b>Felix Denikaev\u00a0<\/b>(4-4-18-2-7-2-10) mentre si \u00e8 aggiudicato il titolo di Campione Nazionale il gardesano\u00a0<b>Nicola Menon<\/b>i (C.V. Gargnano) con due vittorie parziali (13-13-1-10-2-1-7). Al terzo posto della classifica generale, a pari punti con Menoni, si \u00e8 piazzato\u00a0<b>Marco Buglielli<\/b>\u00a0(Circolo della Vela di Roma) che si \u00e8 aggiudicato il titolo nella categoria Grand Master. Seguono in classifica il russo V<b>ladimir Butenko<\/b>\u00a0e\u00a0<b>Francesco Cinque<\/b>\u00a0(Lega Navale Anzio). Per la categoria Grand Grand Master (over 60) grande lotta tra\u00a0<b>Antonio Pitini<\/b>\u00a0(Lega Navale Anzio) e\u00a0<b>Franco Dazzi<\/b>\u00a0(Societ\u00e0 Velica Viareggina) con la vittoria finale che \u00e8 andata a Dazzi per un solo punto. Nella categoria Legend riservata ai timonieri di oltre 70 anni vittoria per\u00a0<b>Angelo Cuccotti<\/b>\u00a0(Associazione Velica Bracciano) davanti a\u00a0<b>Bruno de Angelis<\/b>(Centro Velico 3V). A Nicola Menoni \u00e8 stato consegnato il\u00a0<b>Trofeo Challenge Sergio Masserotti<\/b>, giunto alla quinta edizione, che viene assegnato al Campione Italiano Master della classe Finn. Il Trofeo \u00e8 stato offerto dai figli<b>\u00a0Eric e Yann in ricordo del padre Sergio Masserotti<\/b>, per lunghi anni Segretario della classe Finn italiana e poi Consigliere della Federazione Italiana Vela.<br \/>\nIl video di sintesi della regata \u00e8 disponibile al\u00a0<b><a href=\"http:\/\/youtu.be\/9Ey5H3r-NJk\" target=\"_blank\" rel=\"noopener noreferrer\">link qui<\/a><\/b><\/span><\/p>\n<\/li>\n<li>\n<p align=\"LEFT\"><b><\/b><span style=\"color: #ff0000; font-family: Arial; font-size: small;\">14-05-2014 &#8211;\u00a0<\/span><span style=\"color: #0000ff; font-family: Arial; font-size: small;\">Domenica 11 maggio il mitico\u00a0<b>Circolo Velico Tiberino<\/b>\u00a0ha organizzato ancora una volta la pi\u00f9 classica delle classiche: la\u00a0<b>Regata del Fiasco<\/b>, con 16 Finn partecipanti.<br \/>\nGiornata fresca e leggermente nuvolosa&#8230; [continua\u00a0<a href=\"http:\/\/www.classefinn.it\/vecchiosito\/zone.htm\"><b>qui<\/b><\/a>\u00a0].<\/span><\/p>\n<\/li>\n<li>\n<p align=\"LEFT\"><span style=\"color: #ff0000; font-family: Arial; font-size: small;\">28-04-2014 &#8211;\u00a0<\/span><span style=\"color: #0000ff; font-family: Arial; font-size: small;\">Caldaro, 27 aprile\u00a0\u2013 L\u2019Associazione Velica Lago di Caldaro\u00a0ha organizzato la terza tappa della\u00a0Coppa Italia Finn 2014, valida anche per la nuova Ranking della Federazione Italiana Vela. 60 Finn provenienti da\u00a0Italia,\u00a0Austria,\u00a0Germania\u00a0e\u00a0Svizzera\u00a0con 13 circoli italiani e 17 stranieri rappresentati, si sono affrontati in due giornate di programma.<br \/>\nNella giornata di sabato si \u00e8 disputata una prova con vento da Nord dopo una lunga attesa. Le particolari condizioni con vento da Nord hanno visto disputare la prova con percorso con boe da girare a dritta, dando grande spettacolo nei giri di boa per la numerosa flotta in acqua. Dalla prima bolina il dominatore della regata \u00e8 stato\u00a0Francesco Faggiani\u00a0(Triestina della Vela) che girava al comando tutta la regata seguito da\u00a0Thomas Pichler (AV Caldaro), tranne che sull\u2019ultimo lato di poppa, quando \u00e8 stato raggiunto dal timoniere austriaco\u00a0Michael Gubi\u00a0(gi\u00e0 Campione del mondo nella categoria Grand Master), in compagnia del giovane e promettente\u00a0Matteo Savio\u00a0(C.V. Muggia), ed a seguire\u00a0Peter Stuffer\u00a0(A.V. Caldaro).<br \/>\nSul traguardo tagliava per primo\u00a0Michael Gubi, seguito dal Junior\u00a0Matteo Savio\u00a0e\u00a0Peter Stuffer. Solo quarto il segretario Francesco Faggiani. La domenica il programma si \u00e8 concluso dopo una vana attesa del vento, con la pioggia che ha avuto il sopravvento, concludendo quindi la regata senza altre prove disputate con la classifica del primo giorno. Il trofeo a squadre\u00a0Dr. Schaer 2014\u00a0va al\u00a0trio della XVII zonaformato da\u00a0Francesco Faggiani\u00a0e\u00a0Daniel Piculin\u00a0della Societ\u00e0 Triestina della Vela insieme a\u00a0Walter Riosa\u00a0(S.C. Ausonia). La regata \u00e8 stata anche la prima tappa del circuito\u00a0Alpen Cup, che prevede quattro eventi nelle quattro nazioni alpine: Italia, Austria, Svizzera e Germania.<br \/>\nIl prossimo appuntamento della Coppa Italia \u00e8 previsto a Porto San Giorgio il 21 e 22 giugno.<br \/>\nNella sezione Coppa Italia \u00e8 disponibile la classifica della tappa e la classifica di Coppa Italia aggiornata.<br \/>\nIl video di E. Brums \u00e8 disponibile\u00a0<a href=\"https:\/\/www.youtube.com\/watch?v=IzwoOqnmHYg\" target=\"_new\" rel=\"noopener\"><b>qui<\/b><\/a><\/span><\/p>\n<\/li>\n<li>\n<p align=\"LEFT\"><b><\/b><span style=\"color: #ff0000; font-family: Arial; font-size: small;\">28-04-2014 &#8211;\u00a0<\/span><span style=\"color: #0000ff; font-family: Arial; font-size: small;\">Si \u00e8 disputata la terza tappa di Coppa Italia 2014, a\u00a0Caldaro, con un unica regata disputata.<br \/>\nNella sezione Coppa Italia \u00e8 disponibile la classifica della tappa e la classifica di\u00a0<a href=\"http:\/\/www.classefinn.it\/vecchiosito\/varie\/coppaitalia2014.htm\" target=\"_self\" rel=\"noopener\">Coppa Italia aggiornata<\/a>.<\/span><\/p>\n<\/li>\n<li>\n<p align=\"LEFT\"><span style=\"color: #ff0000; font-family: Arial; font-size: small;\">21-04-2014 &#8211;\u00a0<\/span><span style=\"color: #0000ff; font-family: Arial; font-size: small;\">Viene pubblicata la classifica provvisoria della\u00a0Coppa Italia 2014, dopo le tappe di\u00a0Livorno\u00a0ed\u00a0Anzio. Prossima tappa\u00a0Caldaro dal 26 al 27\u00a0aprile 2014. La storica regata del lago di Caldaro, da diversi anni battezzata\u00a0trofeo Dr Schaer, sar\u00e0 anche la prima tappa della\u00a0Alpen Cup 2014<br \/>\n<a href=\"http:\/\/www.classefinn.it\/vecchiosito\/classif2014\/Coppa-Italia-dopo-Anzio-2014.html\" target=\"_blank\" rel=\"noopener noreferrer\">Classifica<\/a><\/span><\/p>\n<\/li>\n<li>\n<p align=\"LEFT\"><span style=\"color: #ff0000; font-family: Arial; font-size: small;\">1<\/span><span style=\"color: #ff0000; font-family: Arial; font-size: small;\">5-04-2014 &#8211;\u00a0<\/span><span style=\"color: #0000ff;\"><span style=\"font-family: Arial;\"><span style=\"font-size: small;\">Anzio, 13 aprile \u2013 Il\u00a0<\/span><\/span><\/span><span style=\"color: #0000ff;\"><span style=\"font-family: Arial;\"><span style=\"font-size: small;\"><b>Circolo della Vela di Roma<\/b><\/span><\/span><\/span><span style=\"color: #0000ff;\">\u00a0<\/span><span style=\"color: #0000ff;\"><span style=\"font-family: Arial;\"><span style=\"font-size: small;\">ha organizzato ad Anzio la seconda tappa della\u00a0<\/span><\/span><\/span><span style=\"color: #0000ff;\"><span style=\"font-family: Arial;\"><span style=\"font-size: small;\"><b>Coppa Italia Finn 2014<\/b><\/span><\/span><\/span><span style=\"color: #0000ff;\"><span style=\"font-family: Arial;\"><span style=\"font-size: small;\">, valida anche per la nuova Ranking della Federazione Italiana Vela.<br \/>\n34 Finn provenienti da tutta Italia si sono affrontati in due splendide giornate ed hanno dato vita ad una competizione accesa e incerta fino all\u2019ultimo. Il campo di regata di Anzio si \u00e8 dimostrato ancora una volta ideale, con condizioni di vento stabile, onda impegnativa e oscillazioni del vento che hanno reso le varie prove difficili da interpretare tatticamente.<br \/>\nNella giornata di sabato si sono disputate tre prove con vento da Sud in aumento da 7 a 10 nodi e in progressiva rotazione a Sud Ovest. Le prime due prove sono state vinte da\u00a0<\/span><\/span><\/span><span style=\"color: #0000ff;\"><span style=\"font-family: Arial;\"><span style=\"font-size: small;\"><b>Marco Buglielli<\/b><\/span><\/span><\/span><span style=\"color: #0000ff;\">\u00a0<\/span><span style=\"color: #0000ff;\"><span style=\"font-family: Arial;\"><span style=\"font-size: small;\">del Circolo della Vela di Roma, mentre la terza ha visto prevalere con autorit\u00e0\u00a0<\/span><\/span><\/span><span style=\"color: #0000ff;\"><span style=\"font-family: Arial;\"><span style=\"font-size: small;\"><b>Giacomo Giovanelli<\/b><\/span><\/span><\/span><span style=\"color: #0000ff;\">\u00a0<\/span><span style=\"color: #0000ff;\"><span style=\"font-family: Arial;\"><span style=\"font-size: small;\">(Circolo Velico Sassonia di Fano). La domenica il programma si \u00e8 concluso con un bel ponente da 9 a 13 nodi, con pompaggio libero nei lati di poppa. Le due prove disputate sono state vinte rispettivamente da Giacomo Giovanelli ed\u00a0<\/span><\/span><\/span><span style=\"color: #0000ff;\"><span style=\"font-family: Arial;\"><span style=\"font-size: small;\"><b>Emanuele Vaccari\u00a0<\/b><\/span><\/span><\/span><span style=\"color: #0000ff;\"><span style=\"font-family: Arial;\"><span style=\"font-size: small;\">(Circolo della Vela di Roma).<br \/>\nProprio questi due timonieri si sono trovati a condividere la testa della classifica a pari punti, con la vittoria che veniva assegnata al timoniere marchigiano\u00a0<\/span><\/span><\/span><span style=\"color: #0000ff;\"><span style=\"font-family: Arial;\"><span style=\"font-size: small;\"><b>Giacomo Giovanelli<\/b><\/span><\/span><\/span><span style=\"color: #0000ff;\">\u00a0<\/span><span style=\"color: #0000ff;\"><span style=\"font-family: Arial;\"><span style=\"font-size: small;\">per le due vittorie parziali (3-4-1-1-9). Al secondo posto quindi\u00a0<\/span><\/span><\/span><span style=\"color: #0000ff;\"><span style=\"font-family: Arial;\"><span style=\"font-size: small;\"><b>Emanuele Vaccari<\/b><\/span><\/span><\/span><span style=\"color: #0000ff;\">\u00a0<\/span><span style=\"color: #0000ff;\"><span style=\"font-family: Arial;\"><span style=\"font-size: small;\">(4-2-2-4-1) ed al terzo con un solo punto di distacco\u00a0<\/span><\/span><\/span><span style=\"color: #0000ff;\"><span style=\"font-family: Arial;\"><span style=\"font-size: small;\"><b>Marco Buglielli<\/b><\/span><\/span><\/span><span style=\"color: #0000ff;\">\u00a0<\/span><span style=\"color: #0000ff;\"><span style=\"font-family: Arial;\"><span style=\"font-size: small;\">(1-1-6-3-5). Seguono al quarto posto\u00a0<\/span><\/span><\/span><span style=\"color: #0000ff;\"><span style=\"font-family: Arial;\"><span style=\"font-size: small;\"><b>Enrico Passoni<\/b><\/span><\/span><\/span><span style=\"color: #0000ff;\">\u00a0<\/span><span style=\"color: #0000ff;\"><span style=\"font-family: Arial;\"><span style=\"font-size: small;\">(Lega Navale Anzio), al quinto il friulano\u00a0<\/span><\/span><\/span><span style=\"color: #0000ff;\"><span style=\"font-family: Arial;\"><span style=\"font-size: small;\"><b>Walter Riosa<\/b><\/span><\/span><\/span><span style=\"color: #0000ff;\">\u00a0<\/span><span style=\"color: #0000ff;\"><span style=\"font-family: Arial;\"><span style=\"font-size: small;\">(Canottieri Ausonia Grado) ed al sesto il primo degli Juniores, il triestino\u00a0<\/span><\/span><\/span><span style=\"color: #0000ff;\"><span style=\"font-family: Arial;\"><span style=\"font-size: small;\"><b>Matteo Savio<\/b><\/span><\/span><\/span><span style=\"color: #0000ff;\">\u00a0<\/span><span style=\"color: #0000ff;\"><span style=\"font-family: Arial;\"><span style=\"font-size: small;\">(Circolo Vela Muggia).<br \/>\nIn occasione di questa regata di Finn la citt\u00e0 di Anzio ed il Circolo della Vela di Roma hanno voluto ricordare il\u00a0<\/span><\/span><\/span><span style=\"color: #0000ff;\"><span style=\"font-family: Arial;\"><span style=\"font-size: small;\"><b>Nostromo del Circolo Giorgio Sannino<\/b><\/span><\/span><\/span><span style=\"color: #0000ff;\"><span style=\"font-family: Arial;\"><span style=\"font-size: small;\">, scomparso ad inizio anno. L\u2019Associazione anziate Palio del Mare ha offerto un premio per il primo assoluto, mentre il Circolo ha messo un palio per il primo dei Master il\u00a0<\/span><\/span><\/span><span style=\"color: #0000ff;\"><span style=\"font-family: Arial;\"><span style=\"font-size: small;\"><b>Trofeo Challenge \u201cNostromo Giorgio\u201d<\/b><\/span><\/span><\/span><span style=\"color: #0000ff;\">\u00a0<\/span><span style=\"color: #0000ff;\"><span style=\"font-family: Arial;\"><span style=\"font-size: small;\">che \u00e8 stato assegnato ad Emanuele Vaccari. Nel corso della premiazione il Presidente del Circolo della Vela di Roma Mario de Grenet ha ricordato il legame di Anzio e del Circolo con la classe Finn, e ringraziando la classe per la buona partecipazione si \u00e8 augurato di ospitarla ancora nei prossimi anni.<br \/>\nIl prossimo appuntamento della Coppa Italia \u00e8 previsto al lago di\u00a0<\/span><\/span><\/span><span style=\"color: #0000ff;\"><span style=\"font-family: Arial;\"><span style=\"font-size: small;\"><b>Caldaro<\/b><\/span><\/span><\/span><span style=\"color: #0000ff;\">\u00a0<\/span><span style=\"color: #0000ff;\"><span style=\"font-family: Arial;\"><span style=\"font-size: small;\">(Bolzano) nei giorni\u00a0<\/span><\/span><\/span><span style=\"color: #0000ff;\"><span style=\"font-family: Arial;\"><span style=\"font-size: small;\"><b>26 e 27 aprile<\/b><\/span><\/span><\/span><span style=\"color: #0000ff;\"><span style=\"font-family: Arial;\"><span style=\"font-size: small;\">.<br \/>\n<a href=\"http:\/\/www.classefinn.it\/vecchiosito\/classif2014\/Classifica_Nazionale_Finn_Anzio_12-13_aprile_2014.pdf\" target=\"_new\" rel=\"noopener\">Classifica<\/a>\u00a0e\u00a0<a href=\"http:\/\/youtu.be\/L1Cswc1g2BE\" target=\"_new\" rel=\"noopener\">video di H. Bruns<\/a><\/span><\/span><\/span><\/p>\n<\/li>\n<li>\n<p align=\"LEFT\"><span style=\"color: #ff0000;\"><span style=\"font-family: Arial;\"><span style=\"font-size: small;\">24-03-2014 &#8211;\u00a0<\/span><\/span><\/span><span style=\"color: #0000ff;\"><span style=\"font-family: Arial;\"><span style=\"font-size: small;\">Vittoria di\u00a0<\/span><\/span><\/span><span style=\"color: #0000ff;\"><span style=\"font-family: Arial;\"><span style=\"font-size: small;\"><b>Walter Riosa<\/b><\/span><\/span><\/span><span style=\"color: #0000ff;\">\u00a0<\/span><span style=\"color: #0000ff;\"><span style=\"font-family: Arial;\"><span style=\"font-size: small;\">a\u00a0<\/span><\/span><\/span><span style=\"color: #0000ff;\"><span style=\"font-family: Arial;\"><span style=\"font-size: small;\"><b>Livorno<\/b><\/span><\/span><\/span><span style=\"color: #0000ff;\">\u00a0<\/span><span style=\"color: #0000ff;\"><span style=\"font-family: Arial;\"><span style=\"font-size: small;\">nella prima tappa della\u00a0<\/span><\/span><\/span><span style=\"color: #0000ff;\"><span style=\"font-family: Arial;\"><span style=\"font-size: small;\"><b>Coppa Italia Finn 2014<\/b><\/span><\/span><\/span><span style=\"color: #0000ff;\">\u00a0<\/span><span style=\"color: #0000ff;\"><span style=\"font-family: Arial;\"><span style=\"font-size: small;\">&#8211; 33 timonieri partecipanti ma solo una prova disputata.<br \/>\nLa prima tappa della Coppa Italia Finn 2014, organizzata dal Circolo Nautico Livorno, ha sofferto delle condizioni meteo difficili incontrate a Livorno, che hanno consentito la disputa di una sola prova, vinta dal friulano\u00a0<\/span><\/span><\/span><span style=\"color: #0000ff;\"><span style=\"font-family: Arial;\"><span style=\"font-size: small;\"><b>Walter Riosa<\/b><\/span><\/span><\/span><span style=\"color: #0000ff;\"><span style=\"font-family: Arial;\"><span style=\"font-size: small;\">, titolare del cantiere\u00a0<\/span><\/span><\/span><span style=\"color: #0000ff;\"><span style=\"font-family: Arial;\"><span style=\"font-size: small;\"><b>HiTechSailing<\/b><\/span><\/span><\/span><span style=\"color: #0000ff;\"><span style=\"font-family: Arial;\"><span style=\"font-size: small;\">.<br \/>\nNella giornata di sabato l\u2019atteso vento da Sud non \u00e8 riuscito ad entrare per il contrasto con la termica, mentre la domenica una burrasca da libeccio non ha consentito ai 33 timonieri presenti di scendere in acqua.<br \/>\nGrazie agli sforzi del Comitato di Regata presieduto da\u00a0<\/span><\/span><\/span><span style=\"color: #0000ff;\"><span style=\"font-family: Arial;\"><span style=\"font-size: small;\"><b>Gianni Belgrano<\/b><\/span><\/span><\/span><span style=\"color: #0000ff;\"><span style=\"font-family: Arial;\"><span style=\"font-size: small;\">, nella giornata di sabato, dopo due partenze annullate per salti o caduta del vento, si \u00e8 riusciti a completare una prova con vento leggerissimo, ridotta al termine del primo lato di poppa.<br \/>\nLa vittoria \u00e8 andata a Walter Riosa (<\/span><\/span><\/span><span style=\"color: #0000ff;\"><span style=\"font-family: Arial;\"><span style=\"font-size: small;\"><b>S.C. Ausonia<\/b><\/span><\/span><\/span><span style=\"color: #0000ff;\"><span style=\"font-family: Arial;\"><span style=\"font-size: small;\">) davanti a\u00a0<\/span><\/span><\/span><span style=\"color: #0000ff;\"><span style=\"font-family: Arial;\"><span style=\"font-size: small;\"><b>Giacomo Giovanelli<\/b><\/span><\/span><\/span><span style=\"color: #0000ff;\">\u00a0<\/span><span style=\"color: #0000ff;\"><span style=\"font-family: Arial;\"><span style=\"font-size: small;\">(<\/span><\/span><\/span><span style=\"color: #0000ff;\"><span style=\"font-family: Arial;\"><span style=\"font-size: small;\"><b>C.V.S. Fano<\/b><\/span><\/span><\/span><span style=\"color: #0000ff;\"><span style=\"font-family: Arial;\"><span style=\"font-size: small;\">) ed al giovane\u00a0<\/span><\/span><\/span><span style=\"color: #0000ff;\"><span style=\"font-family: Arial;\"><span style=\"font-size: small;\"><b>Matteo Savio<\/b><\/span><\/span><\/span><span style=\"color: #0000ff;\">\u00a0<\/span><span style=\"color: #0000ff;\"><span style=\"font-family: Arial;\"><span style=\"font-size: small;\">(<\/span><\/span><\/span><span style=\"color: #0000ff;\"><span style=\"font-family: Arial;\"><span style=\"font-size: small;\"><b>C.V. Muggia<\/b><\/span><\/span><\/span><span style=\"color: #0000ff;\"><span style=\"font-family: Arial;\"><span style=\"font-size: small;\">) primo degli\u00a0<\/span><\/span><\/span><span style=\"color: #0000ff;\"><span style=\"font-family: Arial;\"><span style=\"font-size: small;\"><b>Juniores<\/b><\/span><\/span><\/span><span style=\"color: #0000ff;\"><span style=\"font-family: Arial;\"><span style=\"font-size: small;\">.<br \/>\nNel corso della premiazione \u00e8 stato consegnato al vincitore il\u00a0<\/span><\/span><\/span><span style=\"color: #0000ff;\"><span style=\"font-family: Arial;\"><span style=\"font-size: small;\"><b>Trofeo in memoria di Aldo Ferrari<\/b><\/span><\/span><\/span><span style=\"color: #0000ff;\"><span style=\"font-family: Arial;\"><span style=\"font-size: small;\">, appassionato finnista di Forte dei Marmi, il cui amore per il Finn \u00e8 stato ricordato da\u00a0<\/span><\/span><\/span><span style=\"color: #0000ff;\"><span style=\"font-family: Arial;\"><span style=\"font-size: small;\"><b>Franco Dazz<\/b><\/span><\/span><\/span><span style=\"color: #0000ff;\"><span style=\"font-family: Arial;\"><span style=\"font-size: small;\">i che ha anche voluto sottolineare i valori di amicizia tra finnisti cui Aldo teneva particolarmente.<br \/>\n<\/span><\/span><\/span><span style=\"color: #0000ff;\"><span style=\"font-family: Arial;\"><span style=\"font-size: small;\"><b>Il prossimo appuntamento della Coppa Italia \u00e8 previsto a Anzio nei giorni 12 e 13 aprile.<br \/>\n<a href=\"http:\/\/www.classefinn.it\/vecchiosito\/classif2014\/20140323_Livorno_Coppa_Italia_Finn_Classifica.pdf\" target=\"_blank\" rel=\"noopener noreferrer\">Classifica<\/a><\/b><\/span><\/span><\/span><\/p>\n<\/li>\n<li>\n<p align=\"LEFT\"><b><\/b><span style=\"color: #ff0000;\"><span style=\"font-family: Arial;\"><span style=\"font-size: small;\">11-03-2014 &#8211;\u00a0<\/span><\/span><\/span><span style=\"color: #0000ff;\"><span style=\"font-family: Arial;\"><span style=\"font-size: small;\">Chiusura in bellezza domenica 9 marzo del\u00a0<\/span><\/span><\/span><span style=\"color: #0000ff;\"><span style=\"font-family: Arial;\"><span style=\"font-size: small;\"><b>Campionato Invernale di Anzio<\/b><\/span><\/span><\/span><span style=\"color: #0000ff;\">\u00a0<\/span><span style=\"color: #0000ff;\"><span style=\"font-family: Arial;\"><span style=\"font-size: small;\">dedicato alle derive ed ai catamarani, giunto quest\u2019anno alla diciassettesima edizione.<br \/>\nIn una giornata ventosa&#8230;[continua\u00a0<\/span><\/span><\/span><a href=\"http:\/\/www.classefinn.it\/vecchiosito\/zone.htm\"><span style=\"color: #0000ff;\"><span style=\"font-family: Arial;\"><span style=\"font-size: small;\"><b>qui<\/b><\/span><\/span><\/span><\/a><span style=\"color: #0000ff;\"><span style=\"font-family: Arial;\"><span style=\"font-size: small;\">]<\/span><\/span><\/span><\/p>\n<\/li>\n<li>\n<p align=\"LEFT\"><span style=\"color: #ff0000;\"><span style=\"font-family: Arial;\"><span style=\"font-size: small;\">08-03-2014 &#8211;\u00a0<\/span><\/span><\/span><span style=\"color: #0000ff;\"><span style=\"font-family: Arial;\"><span style=\"font-size: small;\">Il Commodoro\u00a0<\/span><\/span><\/span><span style=\"color: #0000ff;\"><span style=\"font-family: Arial;\"><span style=\"font-size: small;\"><b>Giorgio Brezich<\/b><\/span><\/span><\/span><span style=\"color: #0000ff;\"><span style=\"font-family: Arial;\"><span style=\"font-size: small;\">, della Triestina della Vela ha gentilmente fornito una bella foto di Finn in regata alla\u00a0<\/span><\/span><\/span><span style=\"color: #0000ff;\"><span style=\"font-family: Arial;\"><span style=\"font-size: small;\"><b>Coppa Bongo<\/b><\/span><\/span><\/span><span style=\"color: #0000ff;\"><span style=\"font-family: Arial;\"><span style=\"font-size: small;\">, cosa c&#8217;\u00e8 di strano direte voi, beh, guardate un p\u00f2 negli anni sessanta\u00a0<\/span><\/span><\/span><span style=\"color: #0000ff;\"><span style=\"font-family: Arial;\"><span style=\"font-size: small;\">come si cinghiava !!!!\u00a0<\/span><\/span><\/span><a href=\"http:\/\/www.classefinn.it\/vecchiosito\/images\/Coppa-Bongo-1960.jpg\" target=\"_blank\" rel=\"noopener noreferrer\"><span style=\"color: #0000ff;\"><span style=\"font-family: Arial;\"><span style=\"font-size: small;\"><b>Foto<\/b><\/span><\/span><\/span><\/a><\/p>\n<\/li>\n<li>\n<p align=\"LEFT\"><b><\/b><span style=\"color: #ff0000;\"><span style=\"font-family: Arial;\"><span style=\"font-size: small;\">01-03-2014 &#8211;\u00a0<\/span><\/span><\/span><span style=\"color: #0000ff;\"><span style=\"font-family: Arial;\"><span style=\"font-size: small;\">Domenica 23 febbraio in una splendida giornata di vento si sono disputate tre impegnative prove del\u00a0<\/span><\/span><\/span><span style=\"color: #0000ff;\"><span style=\"font-family: Arial;\"><span style=\"font-size: small;\"><b>Campionato Invernale derive del Golfo di Anzio<\/b><\/span><\/span><\/span><span style=\"color: #0000ff;\"><span style=\"font-family: Arial;\"><span style=\"font-size: small;\">.<br \/>\nAncora una bella giornata quindi, in cui il vento di Maestrale ha soffiato con raffiche da 16 a 18 nodi consentendo al Comitato di Regata di recuperare \u2026 [continua\u00a0<\/span><\/span><\/span><a href=\"http:\/\/www.classefinn.it\/vecchiosito\/zone.htm\"><span style=\"color: #0000ff;\"><span style=\"font-family: Arial;\"><span style=\"font-size: small;\"><b>qui<\/b><\/span><\/span><\/span><\/a><span style=\"color: #0000ff;\"><span style=\"font-family: Arial;\"><span style=\"font-size: small;\">]<\/span><\/span><\/span><\/p>\n<\/li>\n<li>\n<p align=\"LEFT\"><span style=\"font-family: Arial;\"><span style=\"font-size: small;\">09-01-2014 \u2013\u00a0<\/span><\/span><span style=\"color: #0000ff;\"><span style=\"font-family: Arial;\"><span style=\"font-size: small;\">E&#8217; con profonda tristezza che il Circolo della Vela di Roma comunica la scomparsa del\u00a0<\/span><\/span><\/span><span style=\"color: #0000ff;\"><span style=\"font-family: Arial;\"><span style=\"font-size: small;\"><b>Nostromo Giorgio Sannino<\/b><\/span><\/span><\/span><span style=\"color: #0000ff;\"><span style=\"font-family: Arial;\"><span style=\"font-size: small;\">. Giorgio ha accompagnato quasi cinquant&#8217;anni di storia del Circolo ed era particolarmente legato alla classe Finn, che ha seguito sin dagli anni &#8217;60. Generazioni di finnisti sono passati da Anzio e hanno avuto la barca varata ed alata dalle forti mani di Giorgio, dalle Finn Gold Cup del 1972 e 1984 alle innumerevoli Settimane Veliche Internazionali a diversi Campionati Italiani. La classe Finn lo ricorda con affetto<\/span><\/span><\/span><span style=\"color: #000000;\"><span style=\"font-family: Verdana;\"><span style=\"font-size: xx-small;\">.<\/span><\/span><\/span><\/p>\n<\/li>\n<\/ul>\n<\/td>\n<td width=\"34%\">\n<p align=\"CENTER\"><span style=\"color: #0000ff;\"&gt;><span style=\"font-family: Arial;\"><span style=\"font-size: small;\"><a href=\"http:\/\/www.classefinn.it\/vecchiosito\/foto\/2014\/Regata_Autunno_Finn_2014_foto_Marisa_Bruckner.jpg\" target=\"_new\" rel=\"noopener\"><img loading=\"lazy\" decoding=\"async\" src=\"http:\/\/www.classefinn.it\/vecchiosito\/foto\/2014\/Regata_Autunno_Finn_2014_foto_Marisa_Bruckner_rid.jpg\" width=\"260\" height=\"83\" name=\"graphics6\" align=\"BOTTOM\" border=\"0\" \/><\/a><br \/>\nFinn a Torre del Lago<br \/>\nFoto M. Bruckner<\/span><\/span><\/p>\n<p align=\"CENTER\"><span style=\"color: #0000ff;\"><span style=\"font-family: Arial;\"><span style=\"font-size: small;\"><a href=\"http:\/\/www.classefinn.it\/vecchiosito\/foto\/2014\/Podio_Regata_Autunno_foto_Marisa_Bruckner.jpg\" target=\"_new\" rel=\"noopener\"><img loading=\"lazy\" decoding=\"async\" src=\"http:\/\/www.classefinn.it\/vecchiosito\/foto\/2014\/Podio_Regata_Autunno_foto_Marisa_Bruckner_rid.jpg\" width=\"260\" height=\"180\" name=\"graphics6\" align=\"BOTTOM\" border=\"0\" \/><\/a><br \/>\nPodio della Regata d&#8217;Autunno<br \/>\nM.Savio &#8211; W. Riosa &#8211; A. Savio<br \/>\nFoto M. Bruckner<\/span><\/span><\/span><\/p>\n<p align=\"CENTER\"><span style=\"color: #0000ff;\"><span style=\"font-family: Arial;\"><span style=\"font-size: small;\"><a href=\"http:\/\/www.classefinn.it\/vecchiosito\/foto\/2014\/2014100305-malcesine\/Finn_Cup_Malcesine_Podio_foto_Ernst_Bruns.jpg\" target=\"_new\" rel=\"noopener\"><img loading=\"lazy\" decoding=\"async\" src=\"http:\/\/www.classefinn.it\/vecchiosito\/foto\/2014\/2014100305-malcesine\/Finn_Cup_Malcesine_Podio_foto_Ernst_Bruns_rid.jpg\" width=\"260\" height=\"200\" name=\"graphics6\" align=\"BOTTOM\" border=\"0\" \/><\/a><br \/>\nVoltolini &#8211; Poggi &#8211; Krutskikh<br \/>\nsul podio della International Finn Cup \u2013 Trofeo Andrea Menoni<\/span><\/span><\/span><\/p>\n<p align=\"CENTER\"><span style=\"color: #0000ff;\"><span style=\"font-family: Arial;\"><span style=\"font-size: small;\"><a href=\"http:\/\/www.classefinn.it\/vecchiosito\/foto\/2014\/silvercup-hoorn\/1864.JPG\" target=\"_new\" rel=\"noopener\"><img loading=\"lazy\" decoding=\"async\" src=\"http:\/\/www.classefinn.it\/vecchiosito\/foto\/2014\/silvercup-hoorn\/1864_rid.JPG\" width=\"260\" height=\"170\" name=\"graphics6\" align=\"BOTTOM\" border=\"0\" \/><\/a><br \/>\nPartenza a Hoorn<\/span><\/span><\/span><\/p>\n<p align=\"CENTER\"><span style=\"color: #0000ff;\"><span style=\"font-family: Arial;\"><span style=\"font-size: small;\"><a href=\"http:\/\/www.classefinn.it\/vecchiosito\/foto\/2014\/20140622_Coppa_Italia_Finn_PortoSanGiorgio_ENRICO_PASSONI_foto_Antonio_Costantini_s.jpg\" target=\"_new\" rel=\"noopener\"><img loading=\"lazy\" decoding=\"async\" src=\"http:\/\/www.classefinn.it\/vecchiosito\/foto\/2014\/20140622_Coppa_Italia_Finn_PortoSanGiorgio_ENRICO_PASSONI_foto_Antonio_Costantini_s.jpg\" width=\"260\" height=\"170\" name=\"graphics6\" align=\"BOTTOM\" border=\"0\" \/><\/a><br \/>\nEnrico Passoni<\/span><\/span><\/span><\/p>\n<p align=\"CENTER\"><span style=\"color: #0000ff;\"><span style=\"font-family: Arial;\"><span style=\"font-size: small;\"><a href=\"http:\/\/www.classefinn.it\/vecchiosito\/foto\/2014\/2014_FinnWorldMaster_Sopot_WALTER_RIOSA.jpg\" target=\"_new\" rel=\"noopener\"><img loading=\"lazy\" decoding=\"async\" src=\"http:\/\/www.classefinn.it\/vecchiosito\/foto\/2014\/2014_FinnWorldMaster_Sopot_WALTER_RIOSA.jpg\" width=\"260\" height=\"170\" name=\"graphics6\" align=\"BOTTOM\" border=\"0\" \/><\/a><br \/>\nWalter Riosa<\/span><\/span><\/span><\/p>\n<p align=\"CENTER\"><span style=\"color: #0000ff;\"><span style=\"font-family: Arial;\"><span style=\"font-size: small;\"><a href=\"http:\/\/www.classefinn.it\/vecchiosito\/foto\/2014\/Castiglione\/Campionato_Master_Finn_Castiglione_PREMIAZIONE_foto_Marina_Prinzivalli.jpg\" target=\"_new\" rel=\"noopener\"><img loading=\"lazy\" decoding=\"async\" src=\"http:\/\/www.classefinn.it\/vecchiosito\/foto\/2014\/Castiglione\/Campionato_Master_Finn_Castiglione_PREMIAZIONE_foto_Marina_Prinzivalli-picc.JPG\" width=\"260\" height=\"170\" name=\"graphics7\" align=\"BOTTOM\" border=\"0\" \/><\/a><br \/>\n<span style=\"color: #0000ff; font-family: Arial; font-size: small;\">Premiazione Campionato italiano Master<\/span><\/span><\/span><\/span><\/p>\n<p align=\"CENTER\"><a href=\"http:\/\/www.classefinn.it\/vecchiosito\/foto\/2014\/Caldaro-partenza2.JPG\" target=\"_new\" rel=\"noopener\"><img loading=\"lazy\" decoding=\"async\" src=\"http:\/\/www.classefinn.it\/vecchiosito\/foto\/2014\/Caldaro-partenza2_rid.JPG\" width=\"260\" height=\"170\" name=\"graphics6\" align=\"BOTTOM\" border=\"0\" \/><\/a><br \/>\n<span style=\"color: #0000ff;\"><span style=\"font-family: Arial;\"><span style=\"font-size: small;\">Michael Gubi\u00a0<\/span><\/span><\/span><\/p>\n<p align=\"CENTER\"><a href=\"http:\/\/www.classefinn.it\/vecchiosito\/foto\/2014\/20140412_Nazionale_Finn_Anzio_GIOVANELLI_Foto_Capobianco.jpg\" target=\"_new\" rel=\"noopener\"><img loading=\"lazy\" decoding=\"async\" src=\"http:\/\/www.classefinn.it\/vecchiosito\/foto\/2014\/20140412_Nazionale_Finn_Anzio_GIOVANELLI_Foto_Capobianco_rid.jpg\" width=\"261\" height=\"188\" name=\"graphics6\" align=\"BOTTOM\" border=\"0\" \/><\/a><br \/>\n<span style=\"color: #0000ff;\"><span style=\"font-family: Arial;\"><span style=\"font-size: small;\">Giacomo Giovanelli<\/span><\/span><\/span><br \/>\n<span style=\"color: #0000ff;\"><span style=\"font-family: Arial;\"><span style=\"font-size: xx-small;\"><b>foto G. Capobianco<\/b><\/span><\/span><\/span><\/p>\n<p align=\"CENTER\"><a href=\"http:\/\/youtu.be\/Z3uSrO5oEkc\" target=\"_blank\" rel=\"noopener noreferrer\"><img loading=\"lazy\" decoding=\"async\" src=\"http:\/\/www.classefinn.it\/vecchiosito\/images\/video-livorno-2014.png\" width=\"261\" height=\"172\" name=\"graphics5\" align=\"BOTTOM\" border=\"0\" \/><\/a><span style=\"color: #0000ff;\"><span style=\"font-family: Arial;\"><span style=\"font-size: small;\"><br \/>\nVideo della Prima tappa di Coppa Italia 2014<br \/>\nLivorno<br \/>\n<\/span><\/span><\/span><span style=\"color: #0000ff;\"><span style=\"font-family: Arial;\"><span style=\"font-size: xx-small;\"><b>Ernst Bruns<\/b><\/span><\/span><\/span><\/p>\n<p align=\"CENTER\"><a href=\"http:\/\/issuu.com\/finn-class\/docs\/masters-magazine-2014\" target=\"_blank\" rel=\"noopener noreferrer\"><img loading=\"lazy\" decoding=\"async\" src=\"http:\/\/www.classefinn.it\/vecchiosito\/foto\/2014\/Finn-Master-Magazine-picc.png\" width=\"198\" height=\"251\" name=\"graphics4\" align=\"BOTTOM\" border=\"0\" \/><\/a><br \/>\n<span style=\"color: #0000ff;\"><span style=\"font-family: Arial;\"><span style=\"font-size: small;\">Finn Master Magazine 2014<\/span><\/span><\/span><\/p>\n<p align=\"CENTER\"><a href=\"http:\/\/www.classefinn.it\/vecchiosito\/foto\/2014\/inv-Anzio-2.jpg\" target=\"_new\" rel=\"noopener\"><img loading=\"lazy\" decoding=\"async\" src=\"http:\/\/www.classefinn.it\/vecchiosito\/foto\/2014\/inv-Anzio-2-rid.jpg\" width=\"259\" height=\"176\" name=\"graphics3\" align=\"BOTTOM\" border=\"0\" \/><\/a><br \/>\n<span style=\"color: #0000ff;\"><span style=\"font-family: Arial;\"><span style=\"font-size: small;\">Finn ad Anzio<\/span><\/span><\/span><br \/>\n<span style=\"color: #0000ff;\"><span style=\"font-family: Arial;\"><span style=\"font-size: xx-small;\"><b>foto G. Capobianco<\/b><\/span><\/span><\/span><\/p>\n<p align=\"CENTER\"><a href=\"http:\/\/www.classefinn.it\/vecchiosito\/foto\/2014\/NostromoCVRoma.jpg\" target=\"_new\" rel=\"noopener\"><img loading=\"lazy\" decoding=\"async\" src=\"http:\/\/www.classefinn.it\/vecchiosito\/foto\/2014\/NostromoCVRoma_rid.jpg\" width=\"255\" height=\"171\" name=\"graphics1\" align=\"BOTTOM\" border=\"0\" \/><\/a><br \/>\n<span style=\"color: #0000ff;\"><span style=\"font-family: Arial;\"><span style=\"font-size: small;\">Giorgio Sannino<\/span><\/span><\/span><br \/>\n<span style=\"color: #0000ff;\"><span style=\"font-family: Arial;\"><span style=\"font-size: xx-small;\"><b>foto prinzivalli<\/b><\/span><\/span><\/span><\/p>\n<\/td>\n<\/tr>\n<\/tbody>\n<\/table>\n","protected":false},"excerpt":{"rendered":"<p>18-11-2014 &#8211;\u00a0Torre del Lago, 16 novembre La classe Finn si \u00e8 incontrata lo scorso fine settimana a Torre del Lago per la regata di fine stagione organizzata dal\u00a0Circolo Velico Torre del Lago Puccini. Nonostante il tempo poco promettente e le forti piogge che hanno flagellato il Nord Italia si sono disputate tutte le cinque prove [&hellip;]<\/p>\n","protected":false},"author":4,"featured_media":0,"comment_status":"open","ping_status":"open","sticky":false,"template":"","format":"standard","meta":{"footnotes":""},"categories":[33,22],"tags":[],"class_list":["post-4067","post","type-post","status-publish","format-standard","hentry","category-2001-2014","category-news"],"_links":{"self":[{"href":"https:\/\/tractrac.it\/dev\/wp-json\/wp\/v2\/posts\/4067","targetHints":{"allow":["GET"]}}],"collection":[{"href":"https:\/\/tractrac.it\/dev\/wp-json\/wp\/v2\/posts"}],"about":[{"href":"https:\/\/tractrac.it\/dev\/wp-json\/wp\/v2\/types\/post"}],"author":[{"embeddable":true,"href":"https:\/\/tractrac.it\/dev\/wp-json\/wp\/v2\/users\/4"}],"replies":[{"embeddable":true,"href":"https:\/\/tractrac.it\/dev\/wp-json\/wp\/v2\/comments?post=4067"}],"version-history":[{"count":0,"href":"https:\/\/tractrac.it\/dev\/wp-json\/wp\/v2\/posts\/4067\/revisions"}],"wp:attachment":[{"href":"https:\/\/tractrac.it\/dev\/wp-json\/wp\/v2\/media?parent=4067"}],"wp:term":[{"taxonomy":"category","embeddable":true,"href":"https:\/\/tractrac.it\/dev\/wp-json\/wp\/v2\/categories?post=4067"},{"taxonomy":"post_tag","embeddable":true,"href":"https:\/\/tractrac.it\/dev\/wp-json\/wp\/v2\/tags?post=4067"}],"curies":[{"name":"wp","href":"https:\/\/api.w.org\/{rel}","templated":true}]}}