{"id":3739,"date":"2018-02-21T11:54:54","date_gmt":"2018-02-21T10:54:54","guid":{"rendered":"https:\/\/www.classefinn.it\/?p=3739"},"modified":"2018-02-21T11:54:54","modified_gmt":"2018-02-21T10:54:54","slug":"conclusa-la-semaine-de-cannes","status":"publish","type":"post","link":"https:\/\/tractrac.it\/dev\/conclusa-la-semaine-de-cannes\/","title":{"rendered":"Conclusa la Semaine de Cannes"},"content":{"rendered":"<p>Si \u00e8 conclusa venerd\u00ec 16 febbraio una bella edizione della Semaine de Cannes, la classica regata invernale che si svolge nella bella localit\u00e0 della Costa Azzurra.<!--more-->Nei primi due giorni si sono disputate cinque prove con un bel vento da ponente che aumentava da 10 a 18 nodi, con onda impegnativa e temperatura abbastanza fresca. Il terzo giorno invece si sono corse due prove con vento leggero di 5-6 nodi, mentre l&#8217;ultimo giorno il vento non si \u00e8 manifestato e la regata si \u00e8 conclusa con 7 prove disputate.<\/p>\n<p>Vittoria abbastanza netta dell&#8217;Under 23 francese Guillaume Boisard, con 5 primi posti e un secondo. Al secondo posto si \u00e8 piazzato il forte Grand Master francese Laurent Hay (campione mondiale in carica della categoria) seguito dall&#8217;estone Harles Liiv , dall&#8217;olandese Bas de Waal e dal tedesco Uli Breuer.<\/p>\n<p>La compagine italiana era composta da Marco Buglielli (9 in classifica generale), Francesco Faggiani (18), Antonio Pitini (37) e dall&#8217;ucraino di Genova Yevgen Kuschchiyenko (16).<\/p>\n<p><a href=\"https:\/\/www.classefinn.it\/wp17\/wp-content\/uploads\/2018\/02\/20180212-16_Semaine_Internationale_Cannes.pdf\" target=\"_blank\" rel=\"noopener noreferrer\">Classifica\u00a0Semaine de Cannes<\/a><\/p>\n<figure id=\"attachment_3742\" aria-describedby=\"caption-attachment-3742\" style=\"width: 640px\" class=\"wp-caption alignnone\"><img loading=\"lazy\" decoding=\"async\" class=\"wp-image-3742 size-full\" src=\"https:\/\/www.classefinn.it\/wp17\/wp-content\/uploads\/2018\/02\/20180216_Cannes_fleet_upwind.jpg\" alt=\"\" width=\"640\" height=\"426\" \/><figcaption id=\"caption-attachment-3742\" class=\"wp-caption-text\">copyright Jehan L\u00e9rin Photographie<\/figcaption><\/figure>\n<figure id=\"attachment_3731\" aria-describedby=\"caption-attachment-3731\" style=\"width: 640px\" class=\"wp-caption alignnone\"><img loading=\"lazy\" decoding=\"async\" class=\"wp-image-3731 size-full\" src=\"https:\/\/www.classefinn.it\/wp17\/wp-content\/uploads\/2018\/02\/20180216_Cannes_the-Winners_s.jpg\" alt=\"\" width=\"640\" height=\"352\" \/><figcaption id=\"caption-attachment-3731\" class=\"wp-caption-text\">copyright Jehan L\u00e9rin Photographie<\/figcaption><\/figure>\n<p>&nbsp;<\/p>\n","protected":false},"excerpt":{"rendered":"<p>Si \u00e8 conclusa venerd\u00ec 16 febbraio una bella edizione della Semaine de Cannes, la classica regata invernale che si svolge nella bella localit\u00e0 della Costa Azzurra.<\/p>\n","protected":false},"author":4,"featured_media":3742,"comment_status":"closed","ping_status":"open","sticky":false,"template":"","format":"standard","meta":{"footnotes":""},"categories":[39,22,37,24],"tags":[],"class_list":["post-3739","post","type-post","status-publish","format-standard","has-post-thumbnail","hentry","category-39","category-news","category-primo-piano","category-regate"],"_links":{"self":[{"href":"https:\/\/tractrac.it\/dev\/wp-json\/wp\/v2\/posts\/3739","targetHints":{"allow":["GET"]}}],"collection":[{"href":"https:\/\/tractrac.it\/dev\/wp-json\/wp\/v2\/posts"}],"about":[{"href":"https:\/\/tractrac.it\/dev\/wp-json\/wp\/v2\/types\/post"}],"author":[{"embeddable":true,"href":"https:\/\/tractrac.it\/dev\/wp-json\/wp\/v2\/users\/4"}],"replies":[{"embeddable":true,"href":"https:\/\/tractrac.it\/dev\/wp-json\/wp\/v2\/comments?post=3739"}],"version-history":[{"count":0,"href":"https:\/\/tractrac.it\/dev\/wp-json\/wp\/v2\/posts\/3739\/revisions"}],"wp:featuredmedia":[{"embeddable":true,"href":"https:\/\/tractrac.it\/dev\/wp-json\/"}],"wp:attachment":[{"href":"https:\/\/tractrac.it\/dev\/wp-json\/wp\/v2\/media?parent=3739"}],"wp:term":[{"taxonomy":"category","embeddable":true,"href":"https:\/\/tractrac.it\/dev\/wp-json\/wp\/v2\/categories?post=3739"},{"taxonomy":"post_tag","embeddable":true,"href":"https:\/\/tractrac.it\/dev\/wp-json\/wp\/v2\/tags?post=3739"}],"curies":[{"name":"wp","href":"https:\/\/api.w.org\/{rel}","templated":true}]}}