{"id":2964,"date":"2017-07-11T10:53:50","date_gmt":"2017-07-11T08:53:50","guid":{"rendered":"https:\/\/www.classefinn.it\/?p=2964"},"modified":"2017-07-11T10:53:50","modified_gmt":"2017-07-11T08:53:50","slug":"enrico-voltolini-si-aggiudica-la-tappa-di-coppa-italia-a-dervio","status":"publish","type":"post","link":"https:\/\/tractrac.it\/dev\/enrico-voltolini-si-aggiudica-la-tappa-di-coppa-italia-a-dervio\/","title":{"rendered":"Enrico Voltolini si aggiudica la tappa di Coppa Italia a Dervio"},"content":{"rendered":"<p>Sabato 8 e domenica 9 luglio la sezione di Milano della Lega Navale Italiana ha ospitato a Dervio, sul lago di Como, la quinta tappa della Coppa Italia Finn 2017.<\/p>\n<p>30 i timonieri presenti, <!--more-->che hanno disputato tre prove il sabato con brezza termica da Sud tra 7 e 12 nodi e una la domenica, con vento da Nord inizialmente sui 20 nodi che poi \u00e8 calato progressivamente.La quinta e ultima prova \u00e8 poi partita ma \u00e8 stata interrotta nel corso della prima poppa quando il vento \u00e8 completamente scomparso.<\/p>\n<p><img loading=\"lazy\" decoding=\"async\" class=\"alignnone size-medium wp-image-2969\" src=\"https:\/\/www.classefinn.it\/wp17\/wp-content\/uploads\/2017\/07\/20170708-09_Dervio_Enrico_Voltolini-2-300x228.jpg\" alt=\"\" width=\"300\" height=\"228\" \/><img loading=\"lazy\" decoding=\"async\" class=\"alignnone size-medium wp-image-2973\" src=\"https:\/\/www.classefinn.it\/wp17\/wp-content\/uploads\/2017\/07\/20170708-09_Dervio_Podio-1-300x221.jpg\" alt=\"\" width=\"300\" height=\"221\" \/><\/p>\n<p>A Dervio era presente la squadra nazionale Finn al completo, e i primi tre posti della classifica sono infatti andati a loro, con Enrico Voltolini (S.V. Guardia di Finanza, 5-1-1-1) che ha dominato con tre primi posti nelle prove pi\u00f9 ventose. Al secondo posto si \u00e8 piazzato Alessio Spadoni (C.C. Aniene, dsq-3-2-2) che ha preceduto l\u2019altro atleta delle Fiamme Gialle Filippo Baldassari (dsq-2-3-3).<\/p>\n<p>Al quarto posto troviamo il gardesano Marko Kolic (C.V. Torbole, 6-6-4-4) sempre molto regolare, che ha preceduto l\u2019anconetano Roberto Strappati (LNI Ancona, ufd-4-6-5) vincitore della Coppa Italia 2016, al rientro dopo un infortunio.<\/p>\n<p>Da segnalare la partecipazione di una giovane laserista lariana, Carlotta Siboni, che si \u00e8 ben difesa fin quando il vento \u00e8 rimasto pi\u00f9 leggero.<\/p>\n<p>Il premio per il primo Juniores \u00e8 andato al giovanissimo sloveno Liam Orel, di soli 16 anni, che si \u00e8 classificato sesto assoluto. Nella categoria Master al primo posto Giacomo Giovanelli, mentre Nicola Menoni si \u00e8 aggiudicato il primo della categoria Grand Master e Paolo Vison\u00e0 ha vinto tra i Grand Grand Master (over 60).<\/p>\n<p>Ottima l\u2019organizzazione a terra e in acqua da parte della Lega Navale di Milano e calorosa l\u2019ospitalit\u00e0, con il supporto di Cellini Caff\u00e8.<\/p>\n<p><img loading=\"lazy\" decoding=\"async\" class=\"alignnone size-medium wp-image-2972 aligncenter\" src=\"https:\/\/www.classefinn.it\/wp17\/wp-content\/uploads\/2017\/07\/20170708-09_Dervio_Foto_Classe-300x178.jpg\" alt=\"\" width=\"300\" height=\"178\" \/><\/p>\n<p>Nella classifica di Coppa Italia, dopo le 22 prove sinora disputate, \u00a0Marko Kolic ha allungato e adesso ha undici punti di vantaggio sul romano Marco Buglielli e sedici su Giacomo Giovanelli.<\/p>\n<p>Le prossime prove della Coppa Italia Finn si disputeranno ad Ancona nei giorni 2 e 3 settembre, mentre la tappa conclusiva \u00e8 in programma a Malcesine dal 29 settembre al 1 ottobre in occasione della International Finn Cup \u2013 Trofeo Andrea Menoni.<\/p>\n<p><img loading=\"lazy\" decoding=\"async\" class=\"alignnone size-full wp-image-1983\" src=\"http:\/\/www.classefinn.it\/wp17\/wp-content\/uploads\/2017\/04\/link.png\" alt=\"\" width=\"14\" height=\"14\" \/>\u00a0<a href=\"https:\/\/youtu.be\/bRKf5k3B-as\" target=\"_blank\" rel=\"noopener noreferrer\">video di sintesi della regata<\/a>, realizzato da Ernst Bruns<\/p>\n<p><img loading=\"lazy\" decoding=\"async\" class=\"alignnone size-full wp-image-1983\" src=\"http:\/\/www.classefinn.it\/wp17\/wp-content\/uploads\/2017\/04\/link.png\" alt=\"\" width=\"14\" height=\"14\" \/> <a href=\"https:\/\/www.classefinn.it\/wp17\/wp-content\/uploads\/2017\/07\/20170708-09_Dervio_Coppa_Italia.pdf\" target=\"_blank\" rel=\"noopener noreferrer\">Classifica regata<\/a><\/p>\n<p><img loading=\"lazy\" decoding=\"async\" class=\"alignnone size-full wp-image-1983\" src=\"https:\/\/www.classefinn.it\/wp17\/wp-content\/uploads\/2017\/04\/link.png\" alt=\"\" width=\"14\" height=\"14\" \/>\u00a0<a href=\"https:\/\/www.classefinn.it\/wp17\/wp-content\/uploads\/2017\/07\/20170709_Classifica_Coppa_Italia_dopo_Dervio.pdf\" target=\"_blank\" rel=\"noopener noreferrer\">Classifica aggiornata di Coppa Italia<\/a><\/p>\n","protected":false},"excerpt":{"rendered":"<p>Sabato 8 e domenica 9 luglio la sezione di Milano della Lega Navale Italiana ha ospitato a Dervio, sul lago di Como, la quinta tappa della Coppa Italia Finn 2017. 30 i timonieri presenti,<\/p>\n","protected":false},"author":4,"featured_media":2969,"comment_status":"open","ping_status":"open","sticky":false,"template":"","format":"standard","meta":{"footnotes":""},"categories":[23,5,22,37,35,27,24],"tags":[],"class_list":["post-2964","post","type-post","status-publish","format-standard","has-post-thumbnail","hentry","category-23","category-coppa-italia","category-news","category-primo-piano","category-racconto-coppa-italia","category-racconto-regata","category-regate"],"_links":{"self":[{"href":"https:\/\/tractrac.it\/dev\/wp-json\/wp\/v2\/posts\/2964","targetHints":{"allow":["GET"]}}],"collection":[{"href":"https:\/\/tractrac.it\/dev\/wp-json\/wp\/v2\/posts"}],"about":[{"href":"https:\/\/tractrac.it\/dev\/wp-json\/wp\/v2\/types\/post"}],"author":[{"embeddable":true,"href":"https:\/\/tractrac.it\/dev\/wp-json\/wp\/v2\/users\/4"}],"replies":[{"embeddable":true,"href":"https:\/\/tractrac.it\/dev\/wp-json\/wp\/v2\/comments?post=2964"}],"version-history":[{"count":0,"href":"https:\/\/tractrac.it\/dev\/wp-json\/wp\/v2\/posts\/2964\/revisions"}],"wp:featuredmedia":[{"embeddable":true,"href":"https:\/\/tractrac.it\/dev\/wp-json\/"}],"wp:attachment":[{"href":"https:\/\/tractrac.it\/dev\/wp-json\/wp\/v2\/media?parent=2964"}],"wp:term":[{"taxonomy":"category","embeddable":true,"href":"https:\/\/tractrac.it\/dev\/wp-json\/wp\/v2\/categories?post=2964"},{"taxonomy":"post_tag","embeddable":true,"href":"https:\/\/tractrac.it\/dev\/wp-json\/wp\/v2\/tags?post=2964"}],"curies":[{"name":"wp","href":"https:\/\/api.w.org\/{rel}","templated":true}]}}