{"id":1998,"date":"2017-06-07T12:51:34","date_gmt":"2017-06-07T10:51:34","guid":{"rendered":"http:\/\/www.classefinn.it\/wp17\/?p=1998"},"modified":"2017-06-07T12:51:34","modified_gmt":"2017-06-07T10:51:34","slug":"bando-coppa-italia-a-dervio-8-9-luglio","status":"publish","type":"post","link":"https:\/\/tractrac.it\/dev\/bando-coppa-italia-a-dervio-8-9-luglio\/","title":{"rendered":"Bando Coppa Italia a Dervio 8-9 luglio"},"content":{"rendered":"<p>Pubblichiamo il bando di regata della quinta tappa di Coppa Italia, a Dervio nei giorni 8 e 9 luglio.<\/p>\n<p>Insieme al bando, trovate il programma e una lista delle strutture di accoglienza<!--more--> (si consiglia di prenotare per tempo).<\/p>\n<p>Abbiamo ricevuto da Nicola Roncoroni l&#8217;invito che pubblichiamo qui di seguito:<\/p>\n<p><em>Buongiorno a tutti, archiviato il fantastico week end di Coppa Italia di Castiglione \u00e8 gi\u00e0 ora di pensare alla prossima tappa, l\u20198\/9 Luglio a Dervio!<\/em><br \/>\n<em>In allegato il Bando di Regata, il programma degli eventi collaterali alla manifestazione, e un pdf con le strutture turistiche della zona, alberghi, residence, b&amp;b, campeggi, etc.<\/em><br \/>\n<em>Inoltre il piazzale di fianco la Lega Navale verr\u00e0 riservato alla manifestazione e ci sar\u00e0 la possibilit\u00e0 per chi si muove col camper, di stazionare l\u00ec: <img loading=\"lazy\" decoding=\"async\" class=\"alignnone size-full wp-image-1983\" src=\"http:\/\/www.classefinn.it\/wp17\/wp-content\/uploads\/2017\/04\/link.png\" alt=\"\" width=\"14\" height=\"14\" \/>\u00a0<a href=\"https:\/\/www.google.it\/maps\/place\/Lega+Navale+Italiana\/@46.0691108,9.3056758,204m\/data=!3m2!1e3!4b1!4m5!3m4!1s0x478415e886a651a9:0x2ddf088dbc6cffe1!8m2!3d46.0691108!4d9.3062432\" target=\"_blank\" rel=\"noopener noreferrer\">mappa<\/a><\/em><\/p>\n<p><em>Le condizioni meteo sono di termica da Sud dal primo pomeriggio che pu\u00f2 andare dai 10 ai 15 nodi, ci sono due scivoli in cemento, uno che permette la discesa in acqua anche di tre barche alla volta, ed un altro pi\u00f9 riparato all\u2019interno del porto.<\/em><br \/>\n<em>All\u2019interno del Bando troverete l\u2019indirizzo mail dove mandare le preiscrizioni, vi raccomando di farlo in modo da poter organizzare al meglio la regata!<\/em><br \/>\n<em>Vi aspettiamo numerosi!<\/em><\/p>\n<p><a href=\"https:\/\/www.classefinn.it\/wp17\/wp-content\/uploads\/2017\/06\/20170708-09_Bando_Dervio_Coppa_Italia.pdf\" target=\"_blank\" rel=\"noopener noreferrer\"><em><img loading=\"lazy\" decoding=\"async\" class=\"alignnone size-full wp-image-1983\" src=\"http:\/\/www.classefinn.it\/wp17\/wp-content\/uploads\/2017\/04\/link.png\" alt=\"\" width=\"14\" height=\"14\" \/>\u00a0<\/em>Bando Dervio 8-9 luglio<\/a><\/p>\n<p><a href=\"https:\/\/www.classefinn.it\/wp17\/wp-content\/uploads\/2017\/06\/20170708-09_Programma_Dervio_Coppa_Italia.pdf\" target=\"_blank\" rel=\"noopener noreferrer\"><em><img loading=\"lazy\" decoding=\"async\" class=\"alignnone size-full wp-image-1983\" src=\"http:\/\/www.classefinn.it\/wp17\/wp-content\/uploads\/2017\/04\/link.png\" alt=\"\" width=\"14\" height=\"14\" \/>\u00a0<\/em>Programma<\/a><\/p>\n<p><a href=\"https:\/\/www.classefinn.it\/wp17\/wp-content\/uploads\/2017\/06\/20170708-09_Strutture_accoglienza_Dervio_Coppa_Italia.pdf\" target=\"_blank\" rel=\"noopener noreferrer\"><em><img loading=\"lazy\" decoding=\"async\" class=\"alignnone size-full wp-image-1983\" src=\"http:\/\/www.classefinn.it\/wp17\/wp-content\/uploads\/2017\/04\/link.png\" alt=\"\" width=\"14\" height=\"14\" \/>\u00a0<\/em>Strutture di accoglienza<\/a><\/p>\n","protected":false},"excerpt":{"rendered":"<p>Pubblichiamo il bando di regata della quinta tappa di Coppa Italia, a Dervio nei giorni 8 e 9 luglio. Insieme al bando, trovate il programma e una lista delle strutture di accoglienza<\/p>\n","protected":false},"author":3,"featured_media":1751,"comment_status":"open","ping_status":"open","sticky":false,"template":"","format":"standard","meta":{"footnotes":""},"categories":[34,5,24],"tags":[],"class_list":["post-1998","post","type-post","status-publish","format-standard","has-post-thumbnail","hentry","category-bandi","category-coppa-italia","category-regate"],"_links":{"self":[{"href":"https:\/\/tractrac.it\/dev\/wp-json\/wp\/v2\/posts\/1998","targetHints":{"allow":["GET"]}}],"collection":[{"href":"https:\/\/tractrac.it\/dev\/wp-json\/wp\/v2\/posts"}],"about":[{"href":"https:\/\/tractrac.it\/dev\/wp-json\/wp\/v2\/types\/post"}],"author":[{"embeddable":true,"href":"https:\/\/tractrac.it\/dev\/wp-json\/wp\/v2\/users\/3"}],"replies":[{"embeddable":true,"href":"https:\/\/tractrac.it\/dev\/wp-json\/wp\/v2\/comments?post=1998"}],"version-history":[{"count":0,"href":"https:\/\/tractrac.it\/dev\/wp-json\/wp\/v2\/posts\/1998\/revisions"}],"wp:featuredmedia":[{"embeddable":true,"href":"https:\/\/tractrac.it\/dev\/wp-json\/"}],"wp:attachment":[{"href":"https:\/\/tractrac.it\/dev\/wp-json\/wp\/v2\/media?parent=1998"}],"wp:term":[{"taxonomy":"category","embeddable":true,"href":"https:\/\/tractrac.it\/dev\/wp-json\/wp\/v2\/categories?post=1998"},{"taxonomy":"post_tag","embeddable":true,"href":"https:\/\/tractrac.it\/dev\/wp-json\/wp\/v2\/tags?post=1998"}],"curies":[{"name":"wp","href":"https:\/\/api.w.org\/{rel}","templated":true}]}}